{"id":146545,"date":"2026-03-10T23:46:46","date_gmt":"2026-03-11T02:46:46","guid":{"rendered":"https:\/\/revistaesperanzas.com\/web\/?p=146545"},"modified":"2026-03-10T23:46:46","modified_gmt":"2026-03-11T02:46:46","slug":"se-presento-una-jornada-de-capacitacion-sobre-autismo","status":"publish","type":"post","link":"https:\/\/revistaesperanzas.com\/web\/2026\/03\/se-presento-una-jornada-de-capacitacion-sobre-autismo\/","title":{"rendered":"SE PRESENT\u00d3 UNA JORNADA DE CAPACITACI\u00d3N SOBRE AUTISMO"},"content":{"rendered":"<p style=\"font-weight: 400;\">En conferencia de prensa<\/p>\n<p style=\"font-weight: 400;\">La iniciativa, organizada conjuntamente por la Municipalidad, el Club de Leones y la Fundaci\u00f3n Valientes, busca promover la inclusi\u00f3n y brindar herramientas para entender y acompa\u00f1ar a las personas con autismo.\u00a0 Disertar\u00e1 el doctor Daniel Valdez, de Espa\u00f1a, el pr\u00f3ximo 21 de marzo en el Sal\u00f3n Emperador (Casinos del Litoral) de Goya.<\/p>\n<p style=\"font-weight: 400;\">\u201cTrabajamos en generar espacios y oportunidades para potenciar la inclusi\u00f3n y abordar las dificultades que enfrentan las personas con discapacidad\u201d, se\u00f1al\u00f3 el intendente municipal.<\/p>\n<p style=\"font-weight: 400;\">En el Sal\u00f3n de Acuerdos se llev\u00f3 a cabo este martes por la ma\u00f1ana la conferencia de prensa donde se present\u00f3 la jornada de capacitaci\u00f3n sobre autismo y di\u00e1logos abiertos que ser\u00e1 dictada por el doctor Daniel Vald\u00e9z.<\/p>\n<p style=\"font-weight: 400;\">La inscripci\u00f3n se realiza por contacto v\u00eda WhatsApp al 3794756403.<\/p>\n<p style=\"font-weight: 400;\">En la conferencia, la presidente del Club de Leones, Mirta Zone, destac\u00f3 el compromiso de su organizaci\u00f3n en apoyar esta causa y dar visibilidad a las situaciones que enfrentan los ni\u00f1os.<\/p>\n<p style=\"font-weight: 400;\">Por su parte, Romina Ponce de Le\u00f3n, de la Fundaci\u00f3n Valientes, agradeci\u00f3 el acompa\u00f1amiento del intendente Mariano Hormaechea y resalt\u00f3 la importancia de promover una verdadera inclusi\u00f3n social, a la vez que destac\u00f3 que la capacitaci\u00f3n ser\u00e1 una oportunidad para profesionales, docentes, padres y cualquier persona interesada en aprender c\u00f3mo promover la igualdad de condiciones para todos.<\/p>\n<p style=\"font-weight: 400;\">En tanto, el intendente Mariano Hormaechea expres\u00f3 su apoyo a la iniciativa, subrayando la importancia de entender y abordar el autismo desde las instituciones y la sociedad, y resaltando el trabajo conjunto que se realiza desde diferentes \u00e1reas municipales para avanzar en la inclusi\u00f3n.<\/p>\n<p style=\"font-weight: 400;\">Daniel Valdez es un reconocido psic\u00f3logo cl\u00ednico y educativo, doctor en Psicolog\u00eda por la Universidad Aut\u00f3noma de Madrid, especializado en autismo, diversidad y educaci\u00f3n inclusiva. Con trayectoria en Espa\u00f1a y Latinoam\u00e9rica, es asesor t\u00e9cnico de la Fundaci\u00f3n Quinta, docente en FLACSO y autor de libros como \u201cContextos amigables con el autismo\u201d.<a href=\"https:\/\/revistaesperanzas.com\/web\/2026\/03\/se-presento-una-jornada-de-capacitacion-sobre-autismo\/conferencia-de-prensa-capacitacion-sobre-autismo-8-participantes-encuentro-con-la-prensa\/\" rel=\"attachment wp-att-146547\"><img loading=\"lazy\" decoding=\"async\" class=\"alignnone  wp-image-146547\" src=\"https:\/\/revistaesperanzas.com\/web\/wp-content\/uploads\/2026\/03\/Conferencia-de-Prensa-Capacitacion-sobre-autismo-8-participantes-encuentro-con-la-prensa.jpg\" alt=\"\" width=\"714\" height=\"475\" \/><\/a><\/p>\n<p style=\"font-weight: 400;\">CONFERENCIA DE PRENSA<\/p>\n<p style=\"font-weight: 400;\">De la conferencia de prensa particip\u00f3 el intendente Mariano Hormaechea, la presidente del Club de Leones, Mirta Zone, el secretario de Desarrollo Humano y Promoci\u00f3n Social, Julio Canteros, Romina Ponce de Le\u00f3n, de la fundaci\u00f3n Valientes, encargada de llevar adelante las gestiones para concretar la visita del doctor Daniel Vald\u00e9s. Tambi\u00e9n participaron la secretaria de Educaci\u00f3n, Sonia Espina, la coordinadora de Discapacidad, Liza Kammerichs, integrantes del Club de Leones y medios de prensa.<\/p>\n<p style=\"font-weight: 400;\">En primer lugar, habl\u00f3 la presidente del Club de Leones de Goya, Mirta Zone, quien dijo: \u201cComo club, organizaci\u00f3n de servicios, estamos acompa\u00f1ando y trabajando en la coordinaci\u00f3n para esta capacitaci\u00f3n sobre autismo; un tema que nos preocupa a todos y que debe ser difundido, conocido y trabajado, sobre todo por profesionales del \u00e1rea. Junto con la Fundaci\u00f3n Valientes y Romina (Ponce de Le\u00f3n), quien es la gestora de esta iniciativa, como club acompa\u00f1amos esta capacitaci\u00f3n que va a lograr dar visibilidad a las situaciones que afectan a los ni\u00f1os\u201d.<\/p>\n<p style=\"font-weight: 400;\">Por su parte, Romina Ponce de Le\u00f3n expres\u00f3: \u201cQuiero agradecer a la intendencia de nuestra ciudad, al Club de Leones, que nos acompa\u00f1a desde el primer d\u00eda en este movimiento que tenemos desde la Fundaci\u00f3n Valientes\u201d.<\/p>\n<p style=\"font-weight: 400;\">Luego, explic\u00f3 que la fundaci\u00f3n no solo acompa\u00f1a a familias con desaf\u00edos en el desarrollo, sino que tambi\u00e9n trata de identificar las barreras que dificultan la inclusi\u00f3n. \u201cHoy, promovemos la verdadera inclusi\u00f3n: el Estado, la sociedad, las instituciones y todos los que nos acompa\u00f1an. Esto es un cambio real y la verdadera inclusi\u00f3n de todas las personas, especialmente las que tienen autismo, quienes necesitan desarrollarse en igualdad de condiciones\u201d, subray\u00f3.<\/p>\n<p style=\"font-weight: 400;\">LA JORNADA<\/p>\n<p style=\"font-weight: 400;\">Sobre la capacitaci\u00f3n propiamente dicha, Romina Ponce de Le\u00f3n explic\u00f3: \u201cLa capacitaci\u00f3n abordar\u00e1 herramientas para la inclusi\u00f3n. Se desarrollar\u00e1 el 21 de marzo, comenzar\u00e1 a las 8 con las acreditaciones, y el doctor Valdez comenzar\u00e1 a disertar a las 9 y hasta las 12 horas. Por la tarde, se realizar\u00e1n di\u00e1logos abiertos donde podr\u00e1n asistir todas las personas que tengan dudas o inquietudes sobre este tema\u201d.<\/p>\n<p style=\"font-weight: 400;\">\u201cHay millones de personas que hoy en d\u00eda se encuentran solas. Nosotros, como ONG, creamos esta capacitaci\u00f3n y realizamos las gestiones pertinentes para que el doctor Valdez pueda venir a nuestra ciudad, ya que consideramos que es uno de los mejores capacitadores en autismo, porque est\u00e1 involucrado en investigaciones y tiene un libro sobre detecciones tempranas del autismo\u201d.<\/p>\n<p style=\"font-weight: 400;\">Coment\u00f3 luego que el disertante se radica en Madrid y vino a Argentina para dar estas capacitaciones; de la cual \u201cpueden asistir todos los profesionales, docentes, padres y personas que quieran obtener informaci\u00f3n sobre c\u00f3mo promover la inclusi\u00f3n\u201d, inform\u00f3 Ponce de Le\u00f3n.<\/p>\n<p style=\"font-weight: 400;\">Finalmente record\u00f3 que la inscripci\u00f3n se realiza por contacto v\u00eda WhatsApp al 3794756403. \u201cEn ese n\u00famero les respondemos sobre la inscripci\u00f3n y vamos a estar recibiendo inscriptos hasta 24 horas antes. Les compartiremos el link de inscripci\u00f3n para que puedan rellenar sus datos y obtener su certificado al finalizar la capacitaci\u00f3n. El lugar es el Sal\u00f3n Emperador, por la calle Espa\u00f1a. Todos los interesados en capacitarse pueden asistir\u201d.<\/p>\n<p style=\"font-weight: 400;\">INTENDENTE HORMAECHEA<\/p>\n<p style=\"font-weight: 400;\">Luego, el intendente Mariano Hormaechea expres\u00f3 su agradecimiento a la Fundaci\u00f3n Valientes por la iniciativa y al Club de Leones por acompa\u00f1arla, as\u00ed como tambi\u00e9n a los funcionarios municipales, como la secretaria de Educaci\u00f3n, el secretario de Desarrollo Humano y la coordinadora de Discapacidad.<\/p>\n<p style=\"font-weight: 400;\">\u201cSin dudas, una de las principales metas que venimos trabajando es la inclusi\u00f3n\u201d, afirm\u00f3 Hormaechea al hacer uso de la palabra. Coment\u00f3: \u201cCuando Romina nos plante\u00f3 esta iniciativa, nos pareci\u00f3 sumamente interesante acompa\u00f1arla. Se refleja claramente la trayectoria, idoneidad y conocimiento del doctor Vald\u00e9z, quien vendr\u00e1 a disertar sobre un tema que la sociedad est\u00e1 empezando a conocer: el autismo. Es una realidad que todos debemos entender y sobre la cual debemos capacitarnos\u201d.<\/p>\n<p style=\"font-weight: 400;\">\u201cDesde las diferentes \u00e1reas municipales, como Educaci\u00f3n, Desarrollo Humano y la Coordinaci\u00f3n de Discapacidad, trabajamos en generar espacios y oportunidades para potenciar la inclusi\u00f3n y abordar las dificultades que enfrentan las personas con discapacidad\u201d.<\/p>\n<p style=\"font-weight: 400;\">\u201cAcompa\u00f1amos esta iniciativa del Club de Leones porque conocemos el trabajo social que realiza y consideramos que es muy importante difundir esto, que se realizar\u00e1 el 21 de marzo. Es una oportunidad para quienes puedan aprovechar el conocimiento del doctor Vald\u00e9z, que es fundamental para entender todo lo relacionado con el autismo. Seguiremos acompa\u00f1ando todas estas iniciativas\u201d, anticip\u00f3 el intendente.<\/p>\n","protected":false},"excerpt":{"rendered":"<p>En conferencia de prensa La iniciativa, organizada conjuntamente por la Municipalidad, el Club de Leones y la Fundaci\u00f3n Valientes, busca promover la inclusi\u00f3n y brindar herramientas para entender y acompa\u00f1ar a las personas con autismo.\u00a0 Disertar\u00e1 el doctor Daniel Valdez, de Espa\u00f1a, el pr\u00f3ximo 21 de marzo en el Sal\u00f3n Emperador (Casinos del Litoral) de [&hellip;]<\/p>\n","protected":false},"author":4,"featured_media":146546,"comment_status":"closed","ping_status":"closed","sticky":false,"template":"","format":"standard","meta":{"footnotes":""},"categories":[45],"tags":[],"class_list":{"0":"post-146545","1":"post","2":"type-post","3":"status-publish","4":"format-standard","5":"has-post-thumbnail","7":"category-locales"},"_links":{"self":[{"href":"https:\/\/revistaesperanzas.com\/web\/wp-json\/wp\/v2\/posts\/146545","targetHints":{"allow":["GET"]}}],"collection":[{"href":"https:\/\/revistaesperanzas.com\/web\/wp-json\/wp\/v2\/posts"}],"about":[{"href":"https:\/\/revistaesperanzas.com\/web\/wp-json\/wp\/v2\/types\/post"}],"author":[{"embeddable":true,"href":"https:\/\/revistaesperanzas.com\/web\/wp-json\/wp\/v2\/users\/4"}],"replies":[{"embeddable":true,"href":"https:\/\/revistaesperanzas.com\/web\/wp-json\/wp\/v2\/comments?post=146545"}],"version-history":[{"count":2,"href":"https:\/\/revistaesperanzas.com\/web\/wp-json\/wp\/v2\/posts\/146545\/revisions"}],"predecessor-version":[{"id":146549,"href":"https:\/\/revistaesperanzas.com\/web\/wp-json\/wp\/v2\/posts\/146545\/revisions\/146549"}],"wp:featuredmedia":[{"embeddable":true,"href":"https:\/\/revistaesperanzas.com\/web\/wp-json\/wp\/v2\/media\/146546"}],"wp:attachment":[{"href":"https:\/\/revistaesperanzas.com\/web\/wp-json\/wp\/v2\/media?parent=146545"}],"wp:term":[{"taxonomy":"category","embeddable":true,"href":"https:\/\/revistaesperanzas.com\/web\/wp-json\/wp\/v2\/categories?post=146545"},{"taxonomy":"post_tag","embeddable":true,"href":"https:\/\/revistaesperanzas.com\/web\/wp-json\/wp\/v2\/tags?post=146545"}],"curies":[{"name":"wp","href":"https:\/\/api.w.org\/{rel}","templated":true}]}}