{"id":146550,"date":"2026-03-10T23:48:51","date_gmt":"2026-03-11T02:48:51","guid":{"rendered":"https:\/\/revistaesperanzas.com\/web\/?p=146550"},"modified":"2026-03-10T23:48:51","modified_gmt":"2026-03-11T02:48:51","slug":"capacitacion-sobre-autismo-busca-derribar-mitos-y-ofrecer-herramientas-inclusivas","status":"publish","type":"post","link":"https:\/\/revistaesperanzas.com\/web\/2026\/03\/capacitacion-sobre-autismo-busca-derribar-mitos-y-ofrecer-herramientas-inclusivas\/","title":{"rendered":"CAPACITACI\u00d3N SOBRE AUTISMO BUSCA DERRIBAR MITOS Y OFRECER HERRAMIENTAS INCLUSIVAS"},"content":{"rendered":"<p style=\"font-weight: 400;\">En una conferencia de prensa realizada este martes, se presentaron detalles sobre una capacitaci\u00f3n enfocada en el autismo, programada para el 21 de marzo y que estar\u00e1 a cargo del especialista espa\u00f1ol Daniel Valdez. Durante el encuentro con la prensa se escucharon diversas opiniones sobre la tem\u00e1tica, resaltando la opini\u00f3n de Romina Ponce de Le\u00f3n de Fundaci\u00f3n Valientes, acerca de la importancia de abordar los mitos que rodean al autismo y proporcionar herramientas pr\u00e1cticas para la inclusi\u00f3n.<\/p>\n<p style=\"font-weight: 400;\">DERRIBAR MITOS Y BARRERAS<\/p>\n<p style=\"font-weight: 400;\">La titular de la Fundaci\u00f3n Valientes consider\u00f3 la necesidad de desmitificar el autismo: \u201cLos mitos se van derribando a medida que se va capacitando, conociendo sobre el autismo; que todav\u00eda es un campo de estudio. El primer paso para derribarlos es acercarnos al conocimiento\u201d.<\/p>\n<p style=\"font-weight: 400;\">La capacitaci\u00f3n se centrar\u00e1 en proporcionar herramientas inclusivas que permitan a las personas con autismo alcanzar un desarrollo m\u00e1s digno. &#8220;La capacitaci\u00f3n har\u00e1 foco en las herramientas inclusivas pr\u00e1cticas que favorezcan la inclusi\u00f3n de las personas con autismo\u201d, se\u00f1al\u00f3 Ponce de Le\u00f3n.<\/p>\n<p style=\"font-weight: 400;\">Se destac\u00f3 la diversidad dentro del espectro autista, reconociendo que algunas personas presentan alto rendimiento intelectual, mientras que otras cursan con discapacidad intelectual. Esta variabilidad implica la necesidad de distintos niveles de apoyo adaptados a las necesidades individuales.<a href=\"https:\/\/revistaesperanzas.com\/web\/2026\/03\/capacitacion-sobre-autismo-busca-derribar-mitos-y-ofrecer-herramientas-inclusivas\/conferencia-de-prensa-capacitacion-sobre-autismo-2-presentacion-general-romina-ponce-de-leon\/\" rel=\"attachment wp-att-146552\"><img loading=\"lazy\" decoding=\"async\" class=\" wp-image-146552 alignleft\" src=\"https:\/\/revistaesperanzas.com\/web\/wp-content\/uploads\/2026\/03\/Conferencia-de-Prensa-Capacitacion-sobre-autismo-2-presentacion-general-Romina-Ponce-de-Leon.jpg\" alt=\"\" width=\"710\" height=\"472\" \/><\/a><\/p>\n<p style=\"font-weight: 400;\">La capacitaci\u00f3n tendr\u00e1 un costo para cubrir los gastos del evento, y se anunci\u00f3 que por la tarde se ofrecer\u00e1 un t\u00e9.<\/p>\n<p style=\"font-weight: 400;\">Ante preguntas sobre los avances en el diagn\u00f3stico y tratamiento del autismo, mencion\u00f3 Romina Ponce de Le\u00f3n que &#8220;lo que se avanz\u00f3 es en el estudio de psiquiatr\u00eda. Ahora hay m\u00e1s diagn\u00f3stico, antes se englobaba en un solo diagn\u00f3stico a personas con distintas caracter\u00edsticas. Ahora hay diferentes diagn\u00f3sticos&#8221;. Sin embargo, se reconoci\u00f3 que a\u00fan hay camino por recorrer. En una ONG local, el 70% de las personas atendidas presentan autismo, indic\u00f3.<\/p>\n","protected":false},"excerpt":{"rendered":"<p>En una conferencia de prensa realizada este martes, se presentaron detalles sobre una capacitaci\u00f3n enfocada en el autismo, programada para el 21 de marzo y que estar\u00e1 a cargo del especialista espa\u00f1ol Daniel Valdez. Durante el encuentro con la prensa se escucharon diversas opiniones sobre la tem\u00e1tica, resaltando la opini\u00f3n de Romina Ponce de Le\u00f3n [&hellip;]<\/p>\n","protected":false},"author":4,"featured_media":146551,"comment_status":"closed","ping_status":"closed","sticky":false,"template":"","format":"standard","meta":{"footnotes":""},"categories":[45],"tags":[],"class_list":{"0":"post-146550","1":"post","2":"type-post","3":"status-publish","4":"format-standard","5":"has-post-thumbnail","7":"category-locales"},"_links":{"self":[{"href":"https:\/\/revistaesperanzas.com\/web\/wp-json\/wp\/v2\/posts\/146550","targetHints":{"allow":["GET"]}}],"collection":[{"href":"https:\/\/revistaesperanzas.com\/web\/wp-json\/wp\/v2\/posts"}],"about":[{"href":"https:\/\/revistaesperanzas.com\/web\/wp-json\/wp\/v2\/types\/post"}],"author":[{"embeddable":true,"href":"https:\/\/revistaesperanzas.com\/web\/wp-json\/wp\/v2\/users\/4"}],"replies":[{"embeddable":true,"href":"https:\/\/revistaesperanzas.com\/web\/wp-json\/wp\/v2\/comments?post=146550"}],"version-history":[{"count":2,"href":"https:\/\/revistaesperanzas.com\/web\/wp-json\/wp\/v2\/posts\/146550\/revisions"}],"predecessor-version":[{"id":146554,"href":"https:\/\/revistaesperanzas.com\/web\/wp-json\/wp\/v2\/posts\/146550\/revisions\/146554"}],"wp:featuredmedia":[{"embeddable":true,"href":"https:\/\/revistaesperanzas.com\/web\/wp-json\/wp\/v2\/media\/146551"}],"wp:attachment":[{"href":"https:\/\/revistaesperanzas.com\/web\/wp-json\/wp\/v2\/media?parent=146550"}],"wp:term":[{"taxonomy":"category","embeddable":true,"href":"https:\/\/revistaesperanzas.com\/web\/wp-json\/wp\/v2\/categories?post=146550"},{"taxonomy":"post_tag","embeddable":true,"href":"https:\/\/revistaesperanzas.com\/web\/wp-json\/wp\/v2\/tags?post=146550"}],"curies":[{"name":"wp","href":"https:\/\/api.w.org\/{rel}","templated":true}]}}