{"id":146555,"date":"2026-03-10T23:51:58","date_gmt":"2026-03-11T02:51:58","guid":{"rendered":"https:\/\/revistaesperanzas.com\/web\/?p=146555"},"modified":"2026-03-10T23:51:58","modified_gmt":"2026-03-11T02:51:58","slug":"liza-kammerichs-la-municipalidad-trabaja-para-apoyar-a-familias-vulnerables-con-personas-con-autismo","status":"publish","type":"post","link":"https:\/\/revistaesperanzas.com\/web\/2026\/03\/liza-kammerichs-la-municipalidad-trabaja-para-apoyar-a-familias-vulnerables-con-personas-con-autismo\/","title":{"rendered":"LIZA KAMMERICHS: \u201cLA MUNICIPALIDAD TRABAJA PARA APOYAR A FAMILIAS VULNERABLES CON PERSONAS CON AUTISMO&#8221;"},"content":{"rendered":"<p style=\"font-weight: 400;\">La coordinadora de Discapacidad de la Municipalidad Liza Kammerichs reflexion\u00f3 sobre la importancia de la pr\u00f3xima capacitaci\u00f3n sobre autismo y el trabajo que se lleva a cabo en su \u00e1rea para apoyar a las familias afectadas.<\/p>\n<p style=\"font-weight: 400;\">&#8220;Quiero felicitar a Romina Ponce de Le\u00f3n por esta iniciativa (gestionar la presencia del especialista en autismo Daniel Valdez), es valiente para hacer esto, traer a este doctor tan valioso y enriquecedor en su bibliograf\u00eda, y por todo lo que ha logrado\u201d.<\/p>\n<p style=\"font-weight: 400;\">Luego destac\u00f3 la importancia de que toda la comunidad sepa lo valioso que es esto que se est\u00e1 por hacer y el esfuerzo que se realiza para poder contar con un disertante de primera l\u00ednea.<a href=\"https:\/\/revistaesperanzas.com\/web\/2026\/03\/liza-kammerichs-la-municipalidad-trabaja-para-apoyar-a-familias-vulnerables-con-personas-con-autismo\/conferencia-de-prensa-capacitacion-sobre-autismo-6-liza-kamerichs-coordinadora-discapacidad\/\" rel=\"attachment wp-att-146557\"><img loading=\"lazy\" decoding=\"async\" class=\"size-full wp-image-146557 aligncenter\" src=\"https:\/\/revistaesperanzas.com\/web\/wp-content\/uploads\/2026\/03\/Conferencia-de-Prensa-Capacitacion-sobre-autismo-6-Liza-Kamerichs-Coordinadora-Discapacidad.jpg\" alt=\"\" width=\"600\" height=\"399\" \/><br \/>\n<\/a>LA INCLUSI\u00d3N EJE CENTRAL DE LA ADMINISTRACI\u00d3N MUNICIPAL<\/p>\n<p style=\"font-weight: 400;\">\u201cEl intendente Mariano Hormaechea est\u00e1 siempre atento a los diferentes desaf\u00edos de la comunidad; y es por ello que uno de los ejes del gobierno municipal -como del provincial- es la inclusi\u00f3n\u201d, sostuvo la coordinadora de Discapacidad.<\/p>\n<p style=\"font-weight: 400;\">La funcionaria destac\u00f3 que la Municipalidad est\u00e1 comprometida en apoyar a las familias donde hay una persona con autismo, as\u00ed como de la importancia de la estimulaci\u00f3n temprana.<\/p>\n<p style=\"font-weight: 400;\">La Coordinaci\u00f3n de Discapacidad se enfoca en apoyar a familias vulnerables, donde la detecci\u00f3n temprana puede ser un desaf\u00edo. En estos casos, &#8220;cuesta detectar\u201d generalmente, sostuvo Kammmerichs, pero resalt\u00f3 el rol de la escuela, el jard\u00edn de infantes, incluso el vecino, en la detecci\u00f3n. \u201cPor lo general, a trav\u00e9s de las escuelas no es f\u00e1cil decirle a esa mam\u00e1 que tiene que ir al neur\u00f3logo, al pediatra, al psiquiatra, todo lo que implica la atenci\u00f3n para su hijo&#8221;, reconoci\u00f3.<\/p>\n<p style=\"font-weight: 400;\">A pesar de los esfuerzos, admiti\u00f3 que el equipo de profesionales &#8220;no da abasto&#8221; para cubrir todas las necesidades. La Coordinaci\u00f3n de Discapacidad cuenta con psicopedagogas, estimuladoras tempranas y kinesi\u00f3logos, pero a\u00fan existen listas de espera. La funcionaria inst\u00f3 a la comunidad a recordar la dif\u00edcil situaci\u00f3n que se est\u00e1 atravesando y destac\u00f3 el papel del Estado para brindar apoyo, asistencia y contenci\u00f3n a ni\u00f1os y j\u00f3venes con autismo.<\/p>\n<p style=\"font-weight: 400;\">Finalmente, Kammerichs record\u00f3 que el 21 de marzo es el D\u00eda del S\u00edndrome de Down, se\u00f1alando que hay muchos ni\u00f1os y adultos con este s\u00edndrome que tambi\u00e9n presentan autismo.<\/p>\n","protected":false},"excerpt":{"rendered":"<p>La coordinadora de Discapacidad de la Municipalidad Liza Kammerichs reflexion\u00f3 sobre la importancia de la pr\u00f3xima capacitaci\u00f3n sobre autismo y el trabajo que se lleva a cabo en su \u00e1rea para apoyar a las familias afectadas. &#8220;Quiero felicitar a Romina Ponce de Le\u00f3n por esta iniciativa (gestionar la presencia del especialista en autismo Daniel Valdez), [&hellip;]<\/p>\n","protected":false},"author":4,"featured_media":146556,"comment_status":"closed","ping_status":"closed","sticky":false,"template":"","format":"standard","meta":{"footnotes":""},"categories":[45],"tags":[],"class_list":{"0":"post-146555","1":"post","2":"type-post","3":"status-publish","4":"format-standard","5":"has-post-thumbnail","7":"category-locales"},"_links":{"self":[{"href":"https:\/\/revistaesperanzas.com\/web\/wp-json\/wp\/v2\/posts\/146555","targetHints":{"allow":["GET"]}}],"collection":[{"href":"https:\/\/revistaesperanzas.com\/web\/wp-json\/wp\/v2\/posts"}],"about":[{"href":"https:\/\/revistaesperanzas.com\/web\/wp-json\/wp\/v2\/types\/post"}],"author":[{"embeddable":true,"href":"https:\/\/revistaesperanzas.com\/web\/wp-json\/wp\/v2\/users\/4"}],"replies":[{"embeddable":true,"href":"https:\/\/revistaesperanzas.com\/web\/wp-json\/wp\/v2\/comments?post=146555"}],"version-history":[{"count":2,"href":"https:\/\/revistaesperanzas.com\/web\/wp-json\/wp\/v2\/posts\/146555\/revisions"}],"predecessor-version":[{"id":146559,"href":"https:\/\/revistaesperanzas.com\/web\/wp-json\/wp\/v2\/posts\/146555\/revisions\/146559"}],"wp:featuredmedia":[{"embeddable":true,"href":"https:\/\/revistaesperanzas.com\/web\/wp-json\/wp\/v2\/media\/146556"}],"wp:attachment":[{"href":"https:\/\/revistaesperanzas.com\/web\/wp-json\/wp\/v2\/media?parent=146555"}],"wp:term":[{"taxonomy":"category","embeddable":true,"href":"https:\/\/revistaesperanzas.com\/web\/wp-json\/wp\/v2\/categories?post=146555"},{"taxonomy":"post_tag","embeddable":true,"href":"https:\/\/revistaesperanzas.com\/web\/wp-json\/wp\/v2\/tags?post=146555"}],"curies":[{"name":"wp","href":"https:\/\/api.w.org\/{rel}","templated":true}]}}