{"id":146560,"date":"2026-03-10T23:53:36","date_gmt":"2026-03-11T02:53:36","guid":{"rendered":"https:\/\/revistaesperanzas.com\/web\/?p=146560"},"modified":"2026-03-10T23:53:36","modified_gmt":"2026-03-11T02:53:36","slug":"club-de-leones-agradece-al-intendente-por-su-apoyo-a-causas-locales-e-internacionales","status":"publish","type":"post","link":"https:\/\/revistaesperanzas.com\/web\/2026\/03\/club-de-leones-agradece-al-intendente-por-su-apoyo-a-causas-locales-e-internacionales\/","title":{"rendered":"CLUB DE LEONES AGRADECE AL INTENDENTE POR SU APOYO A CAUSAS LOCALES E INTERNACIONALES"},"content":{"rendered":"<p style=\"font-weight: 400;\">La presidente del Club de Leones de Goya Mirta Zone expres\u00f3 su agradecimiento al intendente Mariano Hormaechea por el apoyo constante que brinda a diversas causas, tanto a nivel local como internacional, entre ellas la atenci\u00f3n y el apoyo a las personas con autismo. En su intervenci\u00f3n en la conferencia de prensa destac\u00f3 la importancia de la colaboraci\u00f3n entre instituciones para promover acciones que beneficien a la comunidad.<\/p>\n<p style=\"font-weight: 400;\">APOYO Y APERTURA DEL MUNICIPIO<\/p>\n<p style=\"font-weight: 400;\">\u201cQuiero agradecer al intendente Mariano Hormaechea, porque como club tenemos muchas causas, tanto locales como internacionales, como lo referido a parkinson y autismo. La apertura, su disponibilidad, siempre presente, generando los espacios para que podamos colaborar\u201d, sostuvo la representante del Club de Leones.<\/p>\n<p style=\"font-weight: 400;\">La directiva resalt\u00f3 que esta colaboraci\u00f3n facilita la realizaci\u00f3n de actividades y proyectos conjuntos en beneficio de la comunidad. Adem\u00e1s, anunci\u00f3 que pr\u00f3ximamente firmar\u00e1n un convenio relacionado con el cuidado del agua y el r\u00edo, en el marco de la Fiesta del Surub\u00ed, lo cual demuestra el compromiso del municipio con acciones de impacto ambiental y social.<\/p>\n<p style=\"font-weight: 400;\">\u201cEsto es posible porque la Municipalidad colabora con nosotros, y eso nos permite seguir trabajando en proyectos que buscan mejorar la calidad de vida de todos\u201d, le manifest\u00f3 Mirta Zone al jefe comunal que estaba a su lado en el encuentro con los medios de comunicaci\u00f3n.<\/p>\n","protected":false},"excerpt":{"rendered":"<p>La presidente del Club de Leones de Goya Mirta Zone expres\u00f3 su agradecimiento al intendente Mariano Hormaechea por el apoyo constante que brinda a diversas causas, tanto a nivel local como internacional, entre ellas la atenci\u00f3n y el apoyo a las personas con autismo. En su intervenci\u00f3n en la conferencia de prensa destac\u00f3 la importancia [&hellip;]<\/p>\n","protected":false},"author":4,"featured_media":146561,"comment_status":"closed","ping_status":"closed","sticky":false,"template":"","format":"standard","meta":{"footnotes":""},"categories":[45],"tags":[],"class_list":{"0":"post-146560","1":"post","2":"type-post","3":"status-publish","4":"format-standard","5":"has-post-thumbnail","7":"category-locales"},"_links":{"self":[{"href":"https:\/\/revistaesperanzas.com\/web\/wp-json\/wp\/v2\/posts\/146560","targetHints":{"allow":["GET"]}}],"collection":[{"href":"https:\/\/revistaesperanzas.com\/web\/wp-json\/wp\/v2\/posts"}],"about":[{"href":"https:\/\/revistaesperanzas.com\/web\/wp-json\/wp\/v2\/types\/post"}],"author":[{"embeddable":true,"href":"https:\/\/revistaesperanzas.com\/web\/wp-json\/wp\/v2\/users\/4"}],"replies":[{"embeddable":true,"href":"https:\/\/revistaesperanzas.com\/web\/wp-json\/wp\/v2\/comments?post=146560"}],"version-history":[{"count":1,"href":"https:\/\/revistaesperanzas.com\/web\/wp-json\/wp\/v2\/posts\/146560\/revisions"}],"predecessor-version":[{"id":146562,"href":"https:\/\/revistaesperanzas.com\/web\/wp-json\/wp\/v2\/posts\/146560\/revisions\/146562"}],"wp:featuredmedia":[{"embeddable":true,"href":"https:\/\/revistaesperanzas.com\/web\/wp-json\/wp\/v2\/media\/146561"}],"wp:attachment":[{"href":"https:\/\/revistaesperanzas.com\/web\/wp-json\/wp\/v2\/media?parent=146560"}],"wp:term":[{"taxonomy":"category","embeddable":true,"href":"https:\/\/revistaesperanzas.com\/web\/wp-json\/wp\/v2\/categories?post=146560"},{"taxonomy":"post_tag","embeddable":true,"href":"https:\/\/revistaesperanzas.com\/web\/wp-json\/wp\/v2\/tags?post=146560"}],"curies":[{"name":"wp","href":"https:\/\/api.w.org\/{rel}","templated":true}]}}