{"id":146563,"date":"2026-03-10T23:59:45","date_gmt":"2026-03-11T02:59:45","guid":{"rendered":"https:\/\/revistaesperanzas.com\/web\/?p=146563"},"modified":"2026-03-10T23:59:45","modified_gmt":"2026-03-11T02:59:45","slug":"goya-participo-en-el-campeonato-provincial-de-mini-basquet-u11-y-logro-un-destacado-tercer-lugar","status":"publish","type":"post","link":"https:\/\/revistaesperanzas.com\/web\/2026\/03\/goya-participo-en-el-campeonato-provincial-de-mini-basquet-u11-y-logro-un-destacado-tercer-lugar\/","title":{"rendered":"GOYA PARTICIP\u00d3 EN EL CAMPEONATO PROVINCIAL DE MINI B\u00c1SQUET U11 Y LOGR\u00d3 UN DESTACADO TERCER LUGAR"},"content":{"rendered":"<p style=\"font-weight: 400;\">El fin de semana pasado, la ciudad de Goya estuvo representada en el Campeonato Provincial de Mini B\u00e1squet (categor\u00eda U11) organizado por la Federaci\u00f3n de B\u00e1squetbol de Corrientes y disputado en los Clubes C\u00f3rdoba y Sagrado Coraz\u00f3n de Jes\u00fas. La participaci\u00f3n de la selecci\u00f3n goyana dej\u00f3 una buena impresi\u00f3n, logrando un meritorio tercer puesto en un torneo muy competitivo y lleno de entusiasmo.<a href=\"https:\/\/revistaesperanzas.com\/web\/2026\/03\/goya-participo-en-el-campeonato-provincial-de-mini-basquet-u11-y-logro-un-destacado-tercer-lugar\/seleccion-goyana-mini-basquet-u11-tercer-puesto-4\/\" rel=\"attachment wp-att-146565\"><img loading=\"lazy\" decoding=\"async\" class=\" wp-image-146565 alignright\" src=\"https:\/\/revistaesperanzas.com\/web\/wp-content\/uploads\/2026\/03\/Seleccion-Goyana-Mini-Basquet-U11-tercer-puesto-4.jpg\" alt=\"\" width=\"499\" height=\"612\" srcset=\"https:\/\/revistaesperanzas.com\/web\/wp-content\/uploads\/2026\/03\/Seleccion-Goyana-Mini-Basquet-U11-tercer-puesto-4.jpg 593w, https:\/\/revistaesperanzas.com\/web\/wp-content\/uploads\/2026\/03\/Seleccion-Goyana-Mini-Basquet-U11-tercer-puesto-4-343x420.jpg 343w\" sizes=\"auto, (max-width: 499px) 100vw, 499px\" \/><\/a><\/p>\n<p style=\"font-weight: 400;\">EL REGRESO DE LA COMPETENCIA PROVINCIAL EN FORMATIVAS<\/p>\n<p style=\"font-weight: 400;\">Dar\u00edo Blanco, titular de la Comisi\u00f3n Departamental de B\u00e1squet de Goya, expres\u00f3 su satisfacci\u00f3n por el desempe\u00f1o del equipo y cont\u00f3 detalles sobre la participaci\u00f3n. En declaraciones radiales, destac\u00f3 que este tipo de competencias volvieron a hacerse tras once a\u00f1os: \u201cHace once a\u00f1os no se hac\u00edan; todo estaba parado. En nuestra \u00e9poca no exist\u00eda esto, era la invitaci\u00f3n de alg\u00fan club para ir a su ciudad y te alojaban los mismos chicos en sus casas. Ahora todo eso cambi\u00f3, pero estoy contento porque se renuevan estas competencias de selecciones\u201d, se\u00f1al\u00f3.<\/p>\n<p style=\"font-weight: 400;\">MINI B\u00c1SQUET<\/p>\n<p style=\"font-weight: 400;\">El dirigente explic\u00f3 que en esta edici\u00f3n la categor\u00eda volvi\u00f3 a denominarse mini b\u00e1squet, y que en la primera jornada jugaron en el Club C\u00f3rdoba, mientras que el s\u00e1bado participaron en el Club Sagrado Coraz\u00f3n y el domingo regresaron a jugar en C\u00f3rdoba. \u201cLos chicos compitieron en dos grupos: en el primero estuvo Capital, Monte Caseros y Saladas; en nuestro grupo, Esquina y Centro Sur, que es un seleccionado que convoca a chicos de Mercedes, Curuz\u00fa y Paso de los Libres\u201d, detall\u00f3 Blanco.<a href=\"https:\/\/revistaesperanzas.com\/web\/2026\/03\/goya-participo-en-el-campeonato-provincial-de-mini-basquet-u11-y-logro-un-destacado-tercer-lugar\/seleccion-goyana-mini-basquet-u11-tercer-puesto-2\/\" rel=\"attachment wp-att-146566\"><img loading=\"lazy\" decoding=\"async\" class=\" wp-image-146566 alignleft\" src=\"https:\/\/revistaesperanzas.com\/web\/wp-content\/uploads\/2026\/03\/Seleccion-Goyana-Mini-Basquet-U11-tercer-puesto-2.jpg\" alt=\"\" width=\"501\" height=\"376\" srcset=\"https:\/\/revistaesperanzas.com\/web\/wp-content\/uploads\/2026\/03\/Seleccion-Goyana-Mini-Basquet-U11-tercer-puesto-2.jpg 600w, https:\/\/revistaesperanzas.com\/web\/wp-content\/uploads\/2026\/03\/Seleccion-Goyana-Mini-Basquet-U11-tercer-puesto-2-560x420.jpg 560w, https:\/\/revistaesperanzas.com\/web\/wp-content\/uploads\/2026\/03\/Seleccion-Goyana-Mini-Basquet-U11-tercer-puesto-2-80x60.jpg 80w, https:\/\/revistaesperanzas.com\/web\/wp-content\/uploads\/2026\/03\/Seleccion-Goyana-Mini-Basquet-U11-tercer-puesto-2-265x198.jpg 265w\" sizes=\"auto, (max-width: 501px) 100vw, 501px\" \/><\/a><\/p>\n<p style=\"font-weight: 400;\">BALANCE POSITIVO<\/p>\n<p style=\"font-weight: 400;\">El balance del torneo fue positivo, ya que Goya logr\u00f3 un tercer puesto en un torneo muy dif\u00edcil. \u201cLa verdad, logramos un tercer lugar en un torneo muy lindo y dif\u00edcil. Tenemos que seguir trabajando, mejorando y hablando con la dirigencia de los clubes, porque ahora estas categor\u00edas ya tienen que empezar a competir m\u00e1s seguido. Hasta el a\u00f1o pasado, en Goya, solo era amateur. En otras ciudades, ya est\u00e1n haciendo competir con reloj, tanteador y todo lo que eso implica. La verdad, estamos un poquito retrasados en ese tema, y nos saca ventaja la gente de Capital y Centro Sur, que tienen muy buen nivel\u201d, expres\u00f3 el presidente de la Comisi\u00f3n Departamental de Mini B\u00e1squet.<\/p>\n<p style=\"font-weight: 400;\">El dirigente tambi\u00e9n enfatiz\u00f3 en la necesidad de seguir apostando por el desarrollo de los j\u00f3venes talentos. \u201cDesde la dirigencia hay que replantear algunas cuestiones. Nos trajimos esa ense\u00f1anza, y hay que seguir trabajando, apostando a los chicos, que son nuestro futuro\u201d, reflexion\u00f3. <a href=\"https:\/\/revistaesperanzas.com\/web\/2026\/03\/goya-participo-en-el-campeonato-provincial-de-mini-basquet-u11-y-logro-un-destacado-tercer-lugar\/seleccion-goyana-mini-basquet-u11-tercer-puesto-3\/\" rel=\"attachment wp-att-146568\"><img loading=\"lazy\" decoding=\"async\" class=\" wp-image-146568 alignright\" src=\"https:\/\/revistaesperanzas.com\/web\/wp-content\/uploads\/2026\/03\/Seleccion-Goyana-Mini-Basquet-U11-tercer-puesto-3.jpg\" alt=\"\" width=\"499\" height=\"349\" srcset=\"https:\/\/revistaesperanzas.com\/web\/wp-content\/uploads\/2026\/03\/Seleccion-Goyana-Mini-Basquet-U11-tercer-puesto-3.jpg 600w, https:\/\/revistaesperanzas.com\/web\/wp-content\/uploads\/2026\/03\/Seleccion-Goyana-Mini-Basquet-U11-tercer-puesto-3-100x70.jpg 100w\" sizes=\"auto, (max-width: 499px) 100vw, 499px\" \/><\/a><\/p>\n<p style=\"font-weight: 400;\">Dar\u00edo Blanco resalt\u00f3 que los chicos disfrutaron mucho de la experiencia y que esta participaci\u00f3n les dej\u00f3 una valiosa ense\u00f1anza. \u201cLos chicos disfrutaron, trajeron una linda experiencia y hay que seguir trabajando\u201d, concluy\u00f3 en el contacto mantenido con Radio Ciudad.<\/p>\n","protected":false},"excerpt":{"rendered":"<p>El fin de semana pasado, la ciudad de Goya estuvo representada en el Campeonato Provincial de Mini B\u00e1squet (categor\u00eda U11) organizado por la Federaci\u00f3n de B\u00e1squetbol de Corrientes y disputado en los Clubes C\u00f3rdoba y Sagrado Coraz\u00f3n de Jes\u00fas. La participaci\u00f3n de la selecci\u00f3n goyana dej\u00f3 una buena impresi\u00f3n, logrando un meritorio tercer puesto en [&hellip;]<\/p>\n","protected":false},"author":4,"featured_media":146564,"comment_status":"closed","ping_status":"closed","sticky":false,"template":"","format":"standard","meta":{"footnotes":""},"categories":[45],"tags":[],"class_list":{"0":"post-146563","1":"post","2":"type-post","3":"status-publish","4":"format-standard","5":"has-post-thumbnail","7":"category-locales"},"_links":{"self":[{"href":"https:\/\/revistaesperanzas.com\/web\/wp-json\/wp\/v2\/posts\/146563","targetHints":{"allow":["GET"]}}],"collection":[{"href":"https:\/\/revistaesperanzas.com\/web\/wp-json\/wp\/v2\/posts"}],"about":[{"href":"https:\/\/revistaesperanzas.com\/web\/wp-json\/wp\/v2\/types\/post"}],"author":[{"embeddable":true,"href":"https:\/\/revistaesperanzas.com\/web\/wp-json\/wp\/v2\/users\/4"}],"replies":[{"embeddable":true,"href":"https:\/\/revistaesperanzas.com\/web\/wp-json\/wp\/v2\/comments?post=146563"}],"version-history":[{"count":2,"href":"https:\/\/revistaesperanzas.com\/web\/wp-json\/wp\/v2\/posts\/146563\/revisions"}],"predecessor-version":[{"id":146570,"href":"https:\/\/revistaesperanzas.com\/web\/wp-json\/wp\/v2\/posts\/146563\/revisions\/146570"}],"wp:featuredmedia":[{"embeddable":true,"href":"https:\/\/revistaesperanzas.com\/web\/wp-json\/wp\/v2\/media\/146564"}],"wp:attachment":[{"href":"https:\/\/revistaesperanzas.com\/web\/wp-json\/wp\/v2\/media?parent=146563"}],"wp:term":[{"taxonomy":"category","embeddable":true,"href":"https:\/\/revistaesperanzas.com\/web\/wp-json\/wp\/v2\/categories?post=146563"},{"taxonomy":"post_tag","embeddable":true,"href":"https:\/\/revistaesperanzas.com\/web\/wp-json\/wp\/v2\/tags?post=146563"}],"curies":[{"name":"wp","href":"https:\/\/api.w.org\/{rel}","templated":true}]}}