{"id":146571,"date":"2026-03-11T00:03:51","date_gmt":"2026-03-11T03:03:51","guid":{"rendered":"https:\/\/revistaesperanzas.com\/web\/?p=146571"},"modified":"2026-03-11T00:04:13","modified_gmt":"2026-03-11T03:04:13","slug":"el-hcd-de-nuestra-ciudad-tendra-este-miercoles-su-primera-sesion-ordinaria-2026","status":"publish","type":"post","link":"https:\/\/revistaesperanzas.com\/web\/2026\/03\/el-hcd-de-nuestra-ciudad-tendra-este-miercoles-su-primera-sesion-ordinaria-2026\/","title":{"rendered":"EL HCD DE NUESTRA CIUDAD TENDR\u00c1 ESTE MI\u00c9RCOLES SU PRIMERA SESI\u00d3N ORDINARIA 2026"},"content":{"rendered":"<p>El mi\u00e9rcoles, 11 de marzo, a la hora 10, el Concejo Deliberante de Goya realizara su primera sesi\u00f3n ordinaria del presente a\u00f1o. En el temario se destaca el proyecto de Resoluci\u00f3n integrando las comisiones de Trabajo del Cuerpo Legislativo.<\/p>\n<p>La 1\u00b0 sesi\u00f3n ordinaria de este a\u00f1o, ser\u00e1 presidida por el Vice Intendente y presidente nato del Cuerpo, Sebasti\u00e1n Mart\u00edn Mazzaro, y en la oportunidad se tratar\u00e1 el siguiente Orden del D\u00eda:<\/p>\n<p>1- Lectura y consideraci\u00f3n de las Actas N\u00b0 1.310, 1.311, 1.312, 1.313, 1.314 y 1.315<\/p>\n<p>2- Comunicaciones oficiales \u2013 Despachos de Comisiones ingresados \u2013 Notas particulares recibidas.<\/p>\n<p>3- Proyectos presentados en Secretar\u00eda.<\/p>\n<p>4- Proyecto de Resoluci\u00f3n integrando las comisiones de Trabajo.<\/p>\n<p>5- Libre uso de la palabra<\/p>\n","protected":false},"excerpt":{"rendered":"<p>El mi\u00e9rcoles, 11 de marzo, a la hora 10, el Concejo Deliberante de Goya realizara su primera sesi\u00f3n ordinaria del presente a\u00f1o. En el temario se destaca el proyecto de Resoluci\u00f3n integrando las comisiones de Trabajo del Cuerpo Legislativo. La 1\u00b0 sesi\u00f3n ordinaria de este a\u00f1o, ser\u00e1 presidida por el Vice Intendente y presidente nato [&hellip;]<\/p>\n","protected":false},"author":4,"featured_media":134807,"comment_status":"closed","ping_status":"closed","sticky":false,"template":"","format":"standard","meta":{"footnotes":""},"categories":[45],"tags":[],"class_list":{"0":"post-146571","1":"post","2":"type-post","3":"status-publish","4":"format-standard","5":"has-post-thumbnail","7":"category-locales"},"_links":{"self":[{"href":"https:\/\/revistaesperanzas.com\/web\/wp-json\/wp\/v2\/posts\/146571","targetHints":{"allow":["GET"]}}],"collection":[{"href":"https:\/\/revistaesperanzas.com\/web\/wp-json\/wp\/v2\/posts"}],"about":[{"href":"https:\/\/revistaesperanzas.com\/web\/wp-json\/wp\/v2\/types\/post"}],"author":[{"embeddable":true,"href":"https:\/\/revistaesperanzas.com\/web\/wp-json\/wp\/v2\/users\/4"}],"replies":[{"embeddable":true,"href":"https:\/\/revistaesperanzas.com\/web\/wp-json\/wp\/v2\/comments?post=146571"}],"version-history":[{"count":2,"href":"https:\/\/revistaesperanzas.com\/web\/wp-json\/wp\/v2\/posts\/146571\/revisions"}],"predecessor-version":[{"id":146574,"href":"https:\/\/revistaesperanzas.com\/web\/wp-json\/wp\/v2\/posts\/146571\/revisions\/146574"}],"wp:featuredmedia":[{"embeddable":true,"href":"https:\/\/revistaesperanzas.com\/web\/wp-json\/wp\/v2\/media\/134807"}],"wp:attachment":[{"href":"https:\/\/revistaesperanzas.com\/web\/wp-json\/wp\/v2\/media?parent=146571"}],"wp:term":[{"taxonomy":"category","embeddable":true,"href":"https:\/\/revistaesperanzas.com\/web\/wp-json\/wp\/v2\/categories?post=146571"},{"taxonomy":"post_tag","embeddable":true,"href":"https:\/\/revistaesperanzas.com\/web\/wp-json\/wp\/v2\/tags?post=146571"}],"curies":[{"name":"wp","href":"https:\/\/api.w.org\/{rel}","templated":true}]}}