{"id":146575,"date":"2026-03-11T01:54:36","date_gmt":"2026-03-11T04:54:36","guid":{"rendered":"https:\/\/revistaesperanzas.com\/web\/?p=146575"},"modified":"2026-03-11T01:54:36","modified_gmt":"2026-03-11T04:54:36","slug":"denuncian-que-en-resistencia-desmontan-lo-que-iba-a-ser-una-reserva-natural-el-parque-caraguata","status":"publish","type":"post","link":"https:\/\/revistaesperanzas.com\/web\/2026\/03\/denuncian-que-en-resistencia-desmontan-lo-que-iba-a-ser-una-reserva-natural-el-parque-caraguata\/","title":{"rendered":"DENUNCIAN QUE EN RESISTENCIA DESMONTAN LO QUE IBA A SER UNA RESERVA NATURAL: EL PARQUE CARAGUAT\u00c1"},"content":{"rendered":"<div><b><\/b><i>Nota: Nicol\u00e1s Duarte\u00a0 &#8211;\u00a0 A pesar de que en noviembre de 2025 el Concejo Deliberante aprob\u00f3 por unanimidad su protecci\u00f3n, maquinaria pesada avanza sobre el \u00faltimo pulm\u00f3n verde de la ciudad destruyendo flora y fauna nativa. Organizaciones ambientales de Chaco y Corrientes exigen respuestas al municipio y el freno urgente del ecocidio.<a href=\"https:\/\/revistaesperanzas.com\/web\/2026\/03\/denuncian-que-en-resistencia-desmontan-lo-que-iba-a-ser-una-reserva-natural-el-parque-caraguata\/parque-2\/\" rel=\"attachment wp-att-146577\"><img loading=\"lazy\" decoding=\"async\" class=\" wp-image-146577 alignleft\" src=\"https:\/\/revistaesperanzas.com\/web\/wp-content\/uploads\/2026\/03\/PARQUE-2.jpg\" alt=\"\" width=\"500\" height=\"350\" srcset=\"https:\/\/revistaesperanzas.com\/web\/wp-content\/uploads\/2026\/03\/PARQUE-2.jpg 600w, https:\/\/revistaesperanzas.com\/web\/wp-content\/uploads\/2026\/03\/PARQUE-2-100x70.jpg 100w\" sizes=\"auto, (max-width: 500px) 100vw, 500px\" \/><\/a><br \/>\n<\/i><br \/>\nResistencia, Chaco \u2013 10 de marzo de 2026. Organizaciones ambientales y vecinos de Resistencia expresaron su profunda preocupaci\u00f3n e indignaci\u00f3n ante recientes intervenciones con maquinaria pesada dentro del humedal del Parque Caraguat\u00e1. El \u00e1rea, considerada el \u00faltimo gran pulm\u00f3n verde de la capital chaque\u00f1a, ven\u00eda siendo impulsada hist\u00f3rica y legalmente para convertirse en una reserva natural.<a href=\"https:\/\/revistaesperanzas.com\/web\/2026\/03\/denuncian-que-en-resistencia-desmontan-lo-que-iba-a-ser-una-reserva-natural-el-parque-caraguata\/parque-3\/\" rel=\"attachment wp-att-146578\"><img loading=\"lazy\" decoding=\"async\" class=\" wp-image-146578 alignright\" src=\"https:\/\/revistaesperanzas.com\/web\/wp-content\/uploads\/2026\/03\/PARQUE-3.jpg\" alt=\"\" width=\"500\" height=\"625\" srcset=\"https:\/\/revistaesperanzas.com\/web\/wp-content\/uploads\/2026\/03\/PARQUE-3.jpg 600w, https:\/\/revistaesperanzas.com\/web\/wp-content\/uploads\/2026\/03\/PARQUE-3-336x420.jpg 336w\" sizes=\"auto, (max-width: 500px) 100vw, 500px\" \/><\/a><\/p>\n<p>De hecho, en noviembre de 2025, el Concejo Deliberante de la ciudad hab\u00eda aprobado de manera un\u00e1nime el proyecto para declararlo Reserva Municipal y otorgarle la mayor protecci\u00f3n posible. Seg\u00fan la informaci\u00f3n brindada recientemente por las propias autoridades, el proceso administrativo se encontraba pr\u00e1cticamente finalizado, restando \u00fanicamente la inscripci\u00f3n ante el Registro de Propiedad Inmueble.<\/p>\n<p>Sin embargo, durante los primeros d\u00edas de marzo, ingresaron al \u00e1rea tractores y excavadoras de gran porte. Seg\u00fan denunciaron integrantes del equipo &#8220;Misi\u00f3n Eco&#8221; y &#8220;J\u00f3venes por el Ambiente&#8221; \u2014principales impulsores de la protecci\u00f3n del \u00e1rea\u2014, estas m\u00e1quinas realizaron tareas de limpieza y apertura de caminos que provocaron la remoci\u00f3n de biodiversidad nativa y la alteraci\u00f3n dr\u00e1stica del ecosistema.<a href=\"https:\/\/revistaesperanzas.com\/web\/2026\/03\/denuncian-que-en-resistencia-desmontan-lo-que-iba-a-ser-una-reserva-natural-el-parque-caraguata\/parque-4\/\" rel=\"attachment wp-att-146579\"><img loading=\"lazy\" decoding=\"async\" class=\" wp-image-146579 alignleft\" src=\"https:\/\/revistaesperanzas.com\/web\/wp-content\/uploads\/2026\/03\/PARQUE-4.jpg\" alt=\"\" width=\"500\" height=\"625\" srcset=\"https:\/\/revistaesperanzas.com\/web\/wp-content\/uploads\/2026\/03\/PARQUE-4.jpg 600w, https:\/\/revistaesperanzas.com\/web\/wp-content\/uploads\/2026\/03\/PARQUE-4-336x420.jpg 336w\" sizes=\"auto, (max-width: 500px) 100vw, 500px\" \/><\/a><\/p>\n<p>Tras recibir las alertas vecinales, las organizaciones constataron en el lugar la eliminaci\u00f3n de especies t\u00edpicas del monte chaque\u00f1o como aromitos, quebrachos blancos j\u00f3venes y la destrucci\u00f3n de sectores enteros de caraguat\u00e1s, planta emblema del parque. Adem\u00e1s, arrasaron con \u00e1reas en proceso de regeneraci\u00f3n natural y sitios de nidificaci\u00f3n de aves que eran utilizados para actividades de observaci\u00f3n y educaci\u00f3n ambiental.<\/p>\n<p><b>Apoyo regional frente a la falta de respuestas<\/b><br \/>\nLa gravedad de la situaci\u00f3n trascendi\u00f3 las fronteras provinciales. Activistas y organizaciones de la regi\u00f3n se est\u00e1n haciendo eco de este avance destructivo. En este marco, la\u00a0<b>Fundaci\u00f3n Correntinos contra el Cambio Clim\u00e1tico<\/b>\u00a0visit\u00f3 el lugar para manifestar su acompa\u00f1amiento a los activistas chaque\u00f1os y aunar esfuerzos para lograr que el predio sea finalmente protegido tal como estaba planificado.<a href=\"https:\/\/revistaesperanzas.com\/web\/2026\/03\/denuncian-que-en-resistencia-desmontan-lo-que-iba-a-ser-una-reserva-natural-el-parque-caraguata\/parque-5\/\" rel=\"attachment wp-att-146580\"><img loading=\"lazy\" decoding=\"async\" class=\" wp-image-146580 alignright\" src=\"https:\/\/revistaesperanzas.com\/web\/wp-content\/uploads\/2026\/03\/PARQUE-5.jpg\" alt=\"\" width=\"500\" height=\"627\" srcset=\"https:\/\/revistaesperanzas.com\/web\/wp-content\/uploads\/2026\/03\/PARQUE-5.jpg 599w, https:\/\/revistaesperanzas.com\/web\/wp-content\/uploads\/2026\/03\/PARQUE-5-335x420.jpg 335w\" sizes=\"auto, (max-width: 500px) 100vw, 500px\" \/><\/a><\/p>\n<p>De manera conjunta, solicitan una respuesta urgente a los pedidos de informe p\u00fablico que los vecinos, mediante &#8220;Misi\u00f3n Eco&#8221;, realizaron a las autoridades. Hasta el momento no se difundi\u00f3 informaci\u00f3n previa sobre las tareas, ni se conoce la existencia de un Estudio de Impacto Ambiental que respalde las intervenciones. Extraoficialmente, funcionarios mencionaron la posible existencia de un convenio entre el gobierno provincial y el municipio para desarrollar un proyecto en el lugar, pero no hay detalles oficiales.<\/p>\n<p>Ante esta situaci\u00f3n, las organizaciones presentaron una nota formal dirigida al intendente de Resistencia, Roy Nikisch, y al \u00e1rea de Obras P\u00fablicas, exigiendo saber bajo qu\u00e9 marco legal se est\u00e1n llevando adelante los trabajos.<a href=\"https:\/\/revistaesperanzas.com\/web\/2026\/03\/denuncian-que-en-resistencia-desmontan-lo-que-iba-a-ser-una-reserva-natural-el-parque-caraguata\/parque-6\/\" rel=\"attachment wp-att-146581\"><img loading=\"lazy\" decoding=\"async\" class=\" wp-image-146581 alignleft\" src=\"https:\/\/revistaesperanzas.com\/web\/wp-content\/uploads\/2026\/03\/PARQUE-6.jpg\" alt=\"\" width=\"501\" height=\"626\" srcset=\"https:\/\/revistaesperanzas.com\/web\/wp-content\/uploads\/2026\/03\/PARQUE-6.jpg 600w, https:\/\/revistaesperanzas.com\/web\/wp-content\/uploads\/2026\/03\/PARQUE-6-336x420.jpg 336w\" sizes=\"auto, (max-width: 501px) 100vw, 501px\" \/><\/a><\/p>\n<p>El Parque Caraguat\u00e1 constituye uno de los \u00faltimos relictos de bosque nativo dentro de la ciudad, albergando algarrobos, timb\u00f3, guayac\u00e1n y sirviendo de h\u00e1bitat para aves, reptiles, insectos polinizadores y mam\u00edferos como monos caray\u00e1, aguar\u00e1 pop\u00e9 y zorros. Adem\u00e1s, est\u00e1 contemplado dentro del C\u00f3digo Ambiental y forma parte del Convenio Internacional de Sitios Ramsar.<\/p>\n<p>\u201cCuando se desmonta un ecosistema no solo se pierde vegetaci\u00f3n. Se destruyen h\u00e1bitats, se altera el suelo y se rompe el equilibrio natural del humedal. Lo que se destruye en pocos d\u00edas puede tardar d\u00e9cadas en recuperarse. No se trata de una limpieza menor, es una remoci\u00f3n de biodiversidad nativa\u201d, advirtieron las organizaciones.<\/p>\n<p>Exigimos respuestas y un freno URGENTE frente a este ecocidio.<\/p><\/div>\n<div><\/div>\n<div><b>Contacto de prensa:<\/b><\/div>\n<div>Yanel Misi\u00f3n Eco:\u00a03624339700<\/div>\n<div>Giuliana Pernazza:\u00a03624857133 (J\u00f3venes por el ambiente y Correntinos contra el cambio clim\u00e1tico)<\/div>\n","protected":false},"excerpt":{"rendered":"<p>Nota: Nicol\u00e1s Duarte\u00a0 &#8211;\u00a0 A pesar de que en noviembre de 2025 el Concejo Deliberante aprob\u00f3 por unanimidad su protecci\u00f3n, maquinaria pesada avanza sobre el \u00faltimo pulm\u00f3n verde de la ciudad destruyendo flora y fauna nativa. Organizaciones ambientales de Chaco y Corrientes exigen respuestas al municipio y el freno urgente del ecocidio. Resistencia, Chaco \u2013 [&hellip;]<\/p>\n","protected":false},"author":4,"featured_media":146576,"comment_status":"closed","ping_status":"closed","sticky":false,"template":"","format":"standard","meta":{"footnotes":""},"categories":[43],"tags":[],"class_list":{"0":"post-146575","1":"post","2":"type-post","3":"status-publish","4":"format-standard","5":"has-post-thumbnail","7":"category-destacado"},"_links":{"self":[{"href":"https:\/\/revistaesperanzas.com\/web\/wp-json\/wp\/v2\/posts\/146575","targetHints":{"allow":["GET"]}}],"collection":[{"href":"https:\/\/revistaesperanzas.com\/web\/wp-json\/wp\/v2\/posts"}],"about":[{"href":"https:\/\/revistaesperanzas.com\/web\/wp-json\/wp\/v2\/types\/post"}],"author":[{"embeddable":true,"href":"https:\/\/revistaesperanzas.com\/web\/wp-json\/wp\/v2\/users\/4"}],"replies":[{"embeddable":true,"href":"https:\/\/revistaesperanzas.com\/web\/wp-json\/wp\/v2\/comments?post=146575"}],"version-history":[{"count":2,"href":"https:\/\/revistaesperanzas.com\/web\/wp-json\/wp\/v2\/posts\/146575\/revisions"}],"predecessor-version":[{"id":146583,"href":"https:\/\/revistaesperanzas.com\/web\/wp-json\/wp\/v2\/posts\/146575\/revisions\/146583"}],"wp:featuredmedia":[{"embeddable":true,"href":"https:\/\/revistaesperanzas.com\/web\/wp-json\/wp\/v2\/media\/146576"}],"wp:attachment":[{"href":"https:\/\/revistaesperanzas.com\/web\/wp-json\/wp\/v2\/media?parent=146575"}],"wp:term":[{"taxonomy":"category","embeddable":true,"href":"https:\/\/revistaesperanzas.com\/web\/wp-json\/wp\/v2\/categories?post=146575"},{"taxonomy":"post_tag","embeddable":true,"href":"https:\/\/revistaesperanzas.com\/web\/wp-json\/wp\/v2\/tags?post=146575"}],"curies":[{"name":"wp","href":"https:\/\/api.w.org\/{rel}","templated":true}]}}