{"id":146588,"date":"2026-03-11T07:43:00","date_gmt":"2026-03-11T10:43:00","guid":{"rendered":"https:\/\/revistaesperanzas.com\/web\/?p=146588"},"modified":"2026-03-11T07:43:00","modified_gmt":"2026-03-11T10:43:00","slug":"celebracion-de-la-pascua-de-resurreccion","status":"publish","type":"post","link":"https:\/\/revistaesperanzas.com\/web\/2026\/03\/celebracion-de-la-pascua-de-resurreccion\/","title":{"rendered":"CELEBRACI\u00d3N DE LA PASCUA DE RESURRECCI\u00d3N"},"content":{"rendered":"<p class=\"x_MsoNormal\" data-olk-copy-source=\"MessageBody\"><a href=\"https:\/\/revistaesperanzas.com\/web\/2026\/03\/celebracion-de-la-pascua-de-resurreccion\/adornos-de-pacua-en-barrio-bicentenario-5\/\" rel=\"attachment wp-att-146590\"><img loading=\"lazy\" decoding=\"async\" class=\" wp-image-146590 alignleft\" src=\"https:\/\/revistaesperanzas.com\/web\/wp-content\/uploads\/2026\/03\/adornos-de-Pacua-en-Barrio-Bicentenario-5.jpg\" alt=\"\" width=\"401\" height=\"501\" srcset=\"https:\/\/revistaesperanzas.com\/web\/wp-content\/uploads\/2026\/03\/adornos-de-Pacua-en-Barrio-Bicentenario-5.jpg 600w, https:\/\/revistaesperanzas.com\/web\/wp-content\/uploads\/2026\/03\/adornos-de-Pacua-en-Barrio-Bicentenario-5-336x420.jpg 336w\" sizes=\"auto, (max-width: 401px) 100vw, 401px\" \/><\/a>Barrio Bicentenario de la Patria<\/p>\n<p class=\"x_MsoNormal\">Las Mujeres Emprendedoras que desarrollan sus actividades y capacitaci\u00f3n en la Biblioteca Marta Elgul de Par\u00eds, junto a la comisi\u00f3n del barrio, como todos los a\u00f1os recrean el espacio p\u00fablico de ese sector de la ciudad, con elementos motivados en la Pascua de Resurrecci\u00f3n.<\/p>\n<p class=\"x_MsoNormal\">La confecci\u00f3n de las figuras alusivas a esa conmemoraci\u00f3n se realiza con materiales reciclados, poniendo de manifiesto la creatividad y los conocimientos adquiridos en el espacio de formaci\u00f3n de la biblioteca del barrio Bicentenario.<\/p>\n","protected":false},"excerpt":{"rendered":"<p>Barrio Bicentenario de la Patria Las Mujeres Emprendedoras que desarrollan sus actividades y capacitaci\u00f3n en la Biblioteca Marta Elgul de Par\u00eds, junto a la comisi\u00f3n del barrio, como todos los a\u00f1os recrean el espacio p\u00fablico de ese sector de la ciudad, con elementos motivados en la Pascua de Resurrecci\u00f3n. La confecci\u00f3n de las figuras alusivas [&hellip;]<\/p>\n","protected":false},"author":4,"featured_media":146589,"comment_status":"closed","ping_status":"closed","sticky":false,"template":"","format":"standard","meta":{"footnotes":""},"categories":[45],"tags":[],"class_list":{"0":"post-146588","1":"post","2":"type-post","3":"status-publish","4":"format-standard","5":"has-post-thumbnail","7":"category-locales"},"_links":{"self":[{"href":"https:\/\/revistaesperanzas.com\/web\/wp-json\/wp\/v2\/posts\/146588","targetHints":{"allow":["GET"]}}],"collection":[{"href":"https:\/\/revistaesperanzas.com\/web\/wp-json\/wp\/v2\/posts"}],"about":[{"href":"https:\/\/revistaesperanzas.com\/web\/wp-json\/wp\/v2\/types\/post"}],"author":[{"embeddable":true,"href":"https:\/\/revistaesperanzas.com\/web\/wp-json\/wp\/v2\/users\/4"}],"replies":[{"embeddable":true,"href":"https:\/\/revistaesperanzas.com\/web\/wp-json\/wp\/v2\/comments?post=146588"}],"version-history":[{"count":2,"href":"https:\/\/revistaesperanzas.com\/web\/wp-json\/wp\/v2\/posts\/146588\/revisions"}],"predecessor-version":[{"id":146592,"href":"https:\/\/revistaesperanzas.com\/web\/wp-json\/wp\/v2\/posts\/146588\/revisions\/146592"}],"wp:featuredmedia":[{"embeddable":true,"href":"https:\/\/revistaesperanzas.com\/web\/wp-json\/wp\/v2\/media\/146589"}],"wp:attachment":[{"href":"https:\/\/revistaesperanzas.com\/web\/wp-json\/wp\/v2\/media?parent=146588"}],"wp:term":[{"taxonomy":"category","embeddable":true,"href":"https:\/\/revistaesperanzas.com\/web\/wp-json\/wp\/v2\/categories?post=146588"},{"taxonomy":"post_tag","embeddable":true,"href":"https:\/\/revistaesperanzas.com\/web\/wp-json\/wp\/v2\/tags?post=146588"}],"curies":[{"name":"wp","href":"https:\/\/api.w.org\/{rel}","templated":true}]}}