{"id":146593,"date":"2026-03-11T07:48:13","date_gmt":"2026-03-11T10:48:13","guid":{"rendered":"https:\/\/revistaesperanzas.com\/web\/?p=146593"},"modified":"2026-03-11T07:48:13","modified_gmt":"2026-03-11T10:48:13","slug":"efa-coembota-celebra-30-anos-de-vida-institucional","status":"publish","type":"post","link":"https:\/\/revistaesperanzas.com\/web\/2026\/03\/efa-coembota-celebra-30-anos-de-vida-institucional\/","title":{"rendered":"EFA COEMBOTA CELEBRA 30 A\u00d1OS DE VIDA INSTITUCIONAL"},"content":{"rendered":"<p class=\"x_MsoNormal\">El pr\u00f3ximo 16 de marzo la Escuela de la Familia Agr\u00edcola situada en el Paraje Maruchas, departamento Goya, cumplir\u00e1 30 a\u00f1os de labor educativa y formativa a los j\u00f3venes de la zona rural.<a href=\"https:\/\/revistaesperanzas.com\/web\/2026\/03\/efa-coembota-celebra-30-anos-de-vida-institucional\/30-anos-efa-coembota-prgorama-flyr\/\" rel=\"attachment wp-att-146595\"><img loading=\"lazy\" decoding=\"async\" class=\" wp-image-146595 alignright\" src=\"https:\/\/revistaesperanzas.com\/web\/wp-content\/uploads\/2026\/03\/30-anos-EFA-COEMBOTA-PRGORAMA-FLYR.jpg\" alt=\"\" width=\"399\" height=\"499\" srcset=\"https:\/\/revistaesperanzas.com\/web\/wp-content\/uploads\/2026\/03\/30-anos-EFA-COEMBOTA-PRGORAMA-FLYR.jpg 600w, https:\/\/revistaesperanzas.com\/web\/wp-content\/uploads\/2026\/03\/30-anos-EFA-COEMBOTA-PRGORAMA-FLYR-336x420.jpg 336w\" sizes=\"auto, (max-width: 399px) 100vw, 399px\" \/><\/a><\/p>\n<p class=\"x_MsoNormal\">El festejo del acontecimiento se realizar\u00e1 el 19 de marzo en el mencionado establecimiento escolar a partir de las 19 horas. Se celebrar\u00e1 misa de Acci\u00f3n de Gracias, presidida por el obispo de la di\u00f3cesis de Goya monse\u00f1or Adolfo Canecin, proseguir\u00e1 con el acto protocolar y concluir\u00e1 con una cena comunitaria y festival art\u00edstico.<\/p>\n<p class=\"x_MsoNormal\">La docente adelant\u00f3 que para el festejo de los 30 a\u00f1os se contar\u00e1 con la participaci\u00f3n de las autoridades municipales de Goya y Carolina, y que se han cursado invitaciones a funcionarios del Ministerio de Educaci\u00f3n. Adem\u00e1s de ex alumnos, padres, vecinos y representantes de instituciones relacionadas a la producci\u00f3n, como el caso del INTA, \u201ca quien consideramos un aliado estrat\u00e9gico en el desarrollo de la educaci\u00f3n t\u00e9cnica agropecuaria\u201d, subray\u00f3.<a href=\"https:\/\/revistaesperanzas.com\/web\/2026\/03\/efa-coembota-celebra-30-anos-de-vida-institucional\/30-anos-efa-coembota-ciclo-superior-1\/\" rel=\"attachment wp-att-146596\"><img loading=\"lazy\" decoding=\"async\" class=\" wp-image-146596 alignleft\" src=\"https:\/\/revistaesperanzas.com\/web\/wp-content\/uploads\/2026\/03\/30-anos-EFA-COEMBOTA-CICLO-SUPERIOR-1.jpg\" alt=\"\" width=\"400\" height=\"500\" srcset=\"https:\/\/revistaesperanzas.com\/web\/wp-content\/uploads\/2026\/03\/30-anos-EFA-COEMBOTA-CICLO-SUPERIOR-1.jpg 600w, https:\/\/revistaesperanzas.com\/web\/wp-content\/uploads\/2026\/03\/30-anos-EFA-COEMBOTA-CICLO-SUPERIOR-1-336x420.jpg 336w\" sizes=\"auto, (max-width: 400px) 100vw, 400px\" \/><\/a><\/p>\n<p class=\"x_MsoNormal\">LA EFA: UNA RESPUESTA A LA RURALIDAD<\/p>\n<p class=\"x_MsoNormal\">La rectora de la EFA \u201cCoembot\u00e1\u201d Rosana Cardozo, en declaraciones radiales afirm\u00f3 que la creaci\u00f3n de la escuela surge como \u201cuna respuesta a la ruralidad, para ofrecer la oportunidad de estudio secundario a los hijos de los productores. Pasados 30 a\u00f1os de su conformaci\u00f3n, en la actualidad es una opci\u00f3n educativa para toda la comunidad\u201d.<\/p>\n<p class=\"x_MsoNormal\">LA EDUCACI\u00d3N DE LA ALTERNANCIA<\/p>\n<p class=\"x_MsoNormal\">En el contacto con la prensa, la rectora rese\u00f1\u00f3: \u201cEstamos organizando este festejo para el pr\u00f3ximo 19 de marzo; han transcurrido 30 a\u00f1os, es un momento para agradecer este tiempo que venimos recorriendo. Uno mira desde el inicio y fue la respuesta a la ruralidad, permitir que j\u00f3venes de la zona rural accedan al nivel secundario, como una oportunidad para quedarse en su h\u00e1bitat. De all\u00ed esta modalidad de la educaci\u00f3n de la alternancia. <a href=\"https:\/\/revistaesperanzas.com\/web\/2026\/03\/efa-coembota-celebra-30-anos-de-vida-institucional\/30-anos-efa-coembota-ciclo-superior-2\/\" rel=\"attachment wp-att-146597\"><img loading=\"lazy\" decoding=\"async\" class=\" wp-image-146597 alignright\" src=\"https:\/\/revistaesperanzas.com\/web\/wp-content\/uploads\/2026\/03\/30-anos-EFA-COEMBOTA-CICLO-SUPERIOR-2.jpg\" alt=\"\" width=\"400\" height=\"273\" srcset=\"https:\/\/revistaesperanzas.com\/web\/wp-content\/uploads\/2026\/03\/30-anos-EFA-COEMBOTA-CICLO-SUPERIOR-2.jpg 600w, https:\/\/revistaesperanzas.com\/web\/wp-content\/uploads\/2026\/03\/30-anos-EFA-COEMBOTA-CICLO-SUPERIOR-2-218x150.jpg 218w\" sizes=\"auto, (max-width: 400px) 100vw, 400px\" \/><\/a>Esto es: unas semanas en el establecimiento (15 d\u00edas) y el resto del mes en sus casas. Primero naci\u00f3 como respuesta a las familias de productores, en la actualidad es una opci\u00f3n educativa, porque otorga el t\u00edtulo de T\u00e9cnico Agropecuario\u201d.<\/p>\n<p class=\"x_MsoNormal\">EGRESADOS EN INSTITUTOS SUPERIORES Y UNIVERSIDADES<\/p>\n<p class=\"x_MsoNormal\">\u201cIncluso es una satisfacci\u00f3n para el equipo de conducci\u00f3n y de docentes -coment\u00f3 con orgullo la rectora- que muchos de nuestros estudiantes egresados de la EFA est\u00e1n incursionando en carreras universitarias, en las facultades de Agronom\u00eda, Veterinaria y en las carreras docentes y t\u00e9cnicas que se ofrecen en la zona. Por eso sostenemos que es una opci\u00f3n educativa\u201d.<\/p>\n<p class=\"x_MsoNormal\">Al final de la entrevista radial, la profesora Rosana Cardozo reiter\u00f3 la invitaci\u00f3n a la comunidad, \u201ca que nos acompa\u00f1e en esta celebraci\u00f3n de nuestros 30 a\u00f1os de vida institucional el pr\u00f3ximo 19 de marzo, en nuestra escuela\u201d.<\/p>\n","protected":false},"excerpt":{"rendered":"<p>El pr\u00f3ximo 16 de marzo la Escuela de la Familia Agr\u00edcola situada en el Paraje Maruchas, departamento Goya, cumplir\u00e1 30 a\u00f1os de labor educativa y formativa a los j\u00f3venes de la zona rural. El festejo del acontecimiento se realizar\u00e1 el 19 de marzo en el mencionado establecimiento escolar a partir de las 19 horas. Se [&hellip;]<\/p>\n","protected":false},"author":4,"featured_media":146594,"comment_status":"closed","ping_status":"closed","sticky":false,"template":"","format":"standard","meta":{"footnotes":""},"categories":[45],"tags":[],"class_list":{"0":"post-146593","1":"post","2":"type-post","3":"status-publish","4":"format-standard","5":"has-post-thumbnail","7":"category-locales"},"_links":{"self":[{"href":"https:\/\/revistaesperanzas.com\/web\/wp-json\/wp\/v2\/posts\/146593","targetHints":{"allow":["GET"]}}],"collection":[{"href":"https:\/\/revistaesperanzas.com\/web\/wp-json\/wp\/v2\/posts"}],"about":[{"href":"https:\/\/revistaesperanzas.com\/web\/wp-json\/wp\/v2\/types\/post"}],"author":[{"embeddable":true,"href":"https:\/\/revistaesperanzas.com\/web\/wp-json\/wp\/v2\/users\/4"}],"replies":[{"embeddable":true,"href":"https:\/\/revistaesperanzas.com\/web\/wp-json\/wp\/v2\/comments?post=146593"}],"version-history":[{"count":2,"href":"https:\/\/revistaesperanzas.com\/web\/wp-json\/wp\/v2\/posts\/146593\/revisions"}],"predecessor-version":[{"id":146599,"href":"https:\/\/revistaesperanzas.com\/web\/wp-json\/wp\/v2\/posts\/146593\/revisions\/146599"}],"wp:featuredmedia":[{"embeddable":true,"href":"https:\/\/revistaesperanzas.com\/web\/wp-json\/wp\/v2\/media\/146594"}],"wp:attachment":[{"href":"https:\/\/revistaesperanzas.com\/web\/wp-json\/wp\/v2\/media?parent=146593"}],"wp:term":[{"taxonomy":"category","embeddable":true,"href":"https:\/\/revistaesperanzas.com\/web\/wp-json\/wp\/v2\/categories?post=146593"},{"taxonomy":"post_tag","embeddable":true,"href":"https:\/\/revistaesperanzas.com\/web\/wp-json\/wp\/v2\/tags?post=146593"}],"curies":[{"name":"wp","href":"https:\/\/api.w.org\/{rel}","templated":true}]}}