{"id":146603,"date":"2026-03-11T07:59:39","date_gmt":"2026-03-11T10:59:39","guid":{"rendered":"https:\/\/revistaesperanzas.com\/web\/?p=146603"},"modified":"2026-03-11T07:59:39","modified_gmt":"2026-03-11T10:59:39","slug":"detienen-a-una-persona-secuestrandole-un-automovil-un-celular-y-otros-elementos","status":"publish","type":"post","link":"https:\/\/revistaesperanzas.com\/web\/2026\/03\/detienen-a-una-persona-secuestrandole-un-automovil-un-celular-y-otros-elementos\/","title":{"rendered":"DETIENEN A UNA PERSONA SECUESTRANDOLE UN AUTOMOVIL, UN CELULAR Y OTROS ELEMENTOS"},"content":{"rendered":"<p>SAN LUIS DEL PALMAR\u00a0 &#8211;\u00a0 Tras tareas investigativas y un allanamiento realizado, la Polic\u00eda secuestro un autom\u00f3vil, un tel\u00e9fono celular y aprehendi\u00f3 a un hombre, presuntamente relacionados a una causa que se investiga.<\/p>\n<p>Efectivos policiales dependientes de la Comisaria de Distrito San Luis del Palmar en forma conjunta con personal de la Divisi\u00f3n de Investigaci\u00f3n Criminal de la Unidad Regional I, en colaboraci\u00f3n con la Unidad Fiscal de Investigaci\u00f3n llevaron a cabo arduos trabajos investigativos en relaci\u00f3n a una causa judicial que se encuentra en tramite y por el cual en la ma\u00f1ana DEL 10-03-26 diligenciaron una orden de allanamiento, logrando secuestrar un autom\u00f3vil, un celular y aprehender a un hombre mayor de edad, presuntamente relacionados al hecho que se investiga.<\/p>\n<p>El procedimiento, lo llevaron a cabo en colaboraci\u00f3n con el grupo especial GTO de esa localidad, en un domicilio ubicado por calles Juan J. Arce, entre San Miguel y General Paz, lugar donde lograron el secuestro preventivo de una autom\u00f3vil -marca Chevrolet Onix- y un tel\u00e9fono celular, as\u00ed tambi\u00e9n aprehendieron a un hombre mayor de edad, quien estar\u00eda presuntamente involucrado en el hecho delictivo.<\/p>\n<p>El aprehendido y lo secuestrado fueron puestos a disposici\u00f3n de la justicia y trasladados hasta la citada comisaria donde se llevan a cabo las diligencias del caso y ademas se contin\u00faan realizando tareas investigativas a fin de dar con la aprehensi\u00f3n de otras personas quienes podr\u00edan tener relaci\u00f3n con la causa.<\/p>\n","protected":false},"excerpt":{"rendered":"<p>SAN LUIS DEL PALMAR\u00a0 &#8211;\u00a0 Tras tareas investigativas y un allanamiento realizado, la Polic\u00eda secuestro un autom\u00f3vil, un tel\u00e9fono celular y aprehendi\u00f3 a un hombre, presuntamente relacionados a una causa que se investiga. Efectivos policiales dependientes de la Comisaria de Distrito San Luis del Palmar en forma conjunta con personal de la Divisi\u00f3n de Investigaci\u00f3n [&hellip;]<\/p>\n","protected":false},"author":4,"featured_media":146604,"comment_status":"closed","ping_status":"closed","sticky":false,"template":"","format":"standard","meta":{"footnotes":""},"categories":[58],"tags":[],"class_list":{"0":"post-146603","1":"post","2":"type-post","3":"status-publish","4":"format-standard","5":"has-post-thumbnail","7":"category-corrientes"},"_links":{"self":[{"href":"https:\/\/revistaesperanzas.com\/web\/wp-json\/wp\/v2\/posts\/146603","targetHints":{"allow":["GET"]}}],"collection":[{"href":"https:\/\/revistaesperanzas.com\/web\/wp-json\/wp\/v2\/posts"}],"about":[{"href":"https:\/\/revistaesperanzas.com\/web\/wp-json\/wp\/v2\/types\/post"}],"author":[{"embeddable":true,"href":"https:\/\/revistaesperanzas.com\/web\/wp-json\/wp\/v2\/users\/4"}],"replies":[{"embeddable":true,"href":"https:\/\/revistaesperanzas.com\/web\/wp-json\/wp\/v2\/comments?post=146603"}],"version-history":[{"count":1,"href":"https:\/\/revistaesperanzas.com\/web\/wp-json\/wp\/v2\/posts\/146603\/revisions"}],"predecessor-version":[{"id":146605,"href":"https:\/\/revistaesperanzas.com\/web\/wp-json\/wp\/v2\/posts\/146603\/revisions\/146605"}],"wp:featuredmedia":[{"embeddable":true,"href":"https:\/\/revistaesperanzas.com\/web\/wp-json\/wp\/v2\/media\/146604"}],"wp:attachment":[{"href":"https:\/\/revistaesperanzas.com\/web\/wp-json\/wp\/v2\/media?parent=146603"}],"wp:term":[{"taxonomy":"category","embeddable":true,"href":"https:\/\/revistaesperanzas.com\/web\/wp-json\/wp\/v2\/categories?post=146603"},{"taxonomy":"post_tag","embeddable":true,"href":"https:\/\/revistaesperanzas.com\/web\/wp-json\/wp\/v2\/tags?post=146603"}],"curies":[{"name":"wp","href":"https:\/\/api.w.org\/{rel}","templated":true}]}}