{"id":146606,"date":"2026-03-11T08:02:38","date_gmt":"2026-03-11T11:02:38","guid":{"rendered":"https:\/\/revistaesperanzas.com\/web\/?p=146606"},"modified":"2026-03-11T08:02:38","modified_gmt":"2026-03-11T11:02:38","slug":"unidad-especial-de-seguridad-rural-y-ecologica-alvear","status":"publish","type":"post","link":"https:\/\/revistaesperanzas.com\/web\/2026\/03\/unidad-especial-de-seguridad-rural-y-ecologica-alvear\/","title":{"rendered":"UNIDAD ESPECIAL DE SEGURIDAD RURAL Y ECOLOGICA-ALVEAR"},"content":{"rendered":"<p>La Polic\u00eda secuestro animales sueltos en la v\u00eda p\u00fablica.<\/p>\n<p>Personal policial dependientes de la Unidad Especial de Seguridad Rural y Ecol\u00f3gica de Alvear secuestraron cinco animales equinos sueltos en la v\u00eda p\u00fablica.<\/p>\n<p>Los animales se encontraban en la v\u00eda p\u00fablica, generando riesgos para peatones y conductores de la ciudad.<\/p>\n<p>Los mismos, fueron secuestrados a fin de verificar sus marcas y se\u00f1ales e identificar a sus propietarios.<\/p>\n","protected":false},"excerpt":{"rendered":"<p>La Polic\u00eda secuestro animales sueltos en la v\u00eda p\u00fablica. Personal policial dependientes de la Unidad Especial de Seguridad Rural y Ecol\u00f3gica de Alvear secuestraron cinco animales equinos sueltos en la v\u00eda p\u00fablica. Los animales se encontraban en la v\u00eda p\u00fablica, generando riesgos para peatones y conductores de la ciudad. Los mismos, fueron secuestrados a fin [&hellip;]<\/p>\n","protected":false},"author":4,"featured_media":146607,"comment_status":"closed","ping_status":"closed","sticky":false,"template":"","format":"standard","meta":{"footnotes":""},"categories":[58],"tags":[],"class_list":{"0":"post-146606","1":"post","2":"type-post","3":"status-publish","4":"format-standard","5":"has-post-thumbnail","7":"category-corrientes"},"_links":{"self":[{"href":"https:\/\/revistaesperanzas.com\/web\/wp-json\/wp\/v2\/posts\/146606","targetHints":{"allow":["GET"]}}],"collection":[{"href":"https:\/\/revistaesperanzas.com\/web\/wp-json\/wp\/v2\/posts"}],"about":[{"href":"https:\/\/revistaesperanzas.com\/web\/wp-json\/wp\/v2\/types\/post"}],"author":[{"embeddable":true,"href":"https:\/\/revistaesperanzas.com\/web\/wp-json\/wp\/v2\/users\/4"}],"replies":[{"embeddable":true,"href":"https:\/\/revistaesperanzas.com\/web\/wp-json\/wp\/v2\/comments?post=146606"}],"version-history":[{"count":1,"href":"https:\/\/revistaesperanzas.com\/web\/wp-json\/wp\/v2\/posts\/146606\/revisions"}],"predecessor-version":[{"id":146608,"href":"https:\/\/revistaesperanzas.com\/web\/wp-json\/wp\/v2\/posts\/146606\/revisions\/146608"}],"wp:featuredmedia":[{"embeddable":true,"href":"https:\/\/revistaesperanzas.com\/web\/wp-json\/wp\/v2\/media\/146607"}],"wp:attachment":[{"href":"https:\/\/revistaesperanzas.com\/web\/wp-json\/wp\/v2\/media?parent=146606"}],"wp:term":[{"taxonomy":"category","embeddable":true,"href":"https:\/\/revistaesperanzas.com\/web\/wp-json\/wp\/v2\/categories?post=146606"},{"taxonomy":"post_tag","embeddable":true,"href":"https:\/\/revistaesperanzas.com\/web\/wp-json\/wp\/v2\/tags?post=146606"}],"curies":[{"name":"wp","href":"https:\/\/api.w.org\/{rel}","templated":true}]}}