{"id":146627,"date":"2026-03-11T20:15:41","date_gmt":"2026-03-11T23:15:41","guid":{"rendered":"https:\/\/revistaesperanzas.com\/web\/?p=146627"},"modified":"2026-03-11T20:15:41","modified_gmt":"2026-03-11T23:15:41","slug":"convocatoria-a-asamblea-general-ordinaria-del-barrio-francisco-palau-y-quer","status":"publish","type":"post","link":"https:\/\/revistaesperanzas.com\/web\/2026\/03\/convocatoria-a-asamblea-general-ordinaria-del-barrio-francisco-palau-y-quer\/","title":{"rendered":"CONVOCATORIA A ASAMBLEA GENERAL ORDINARIA DEL &#8220;BARRIO FRANCISCO PALAU Y QUER&#8221;"},"content":{"rendered":"<p style=\"font-weight: 400;\">La Comisi\u00f3n Directiva del Consejo Vecinal del &#8220;BARRIO FRANCISCO PALAU Y QUER&#8221; CONVOCA, de acuerdo a lo establecido en el Estatuto de la Instituci\u00f3n, a todos los Se\u00f1ores Vecinos habitantes dentro de la Jurisdicci\u00f3n del Consejo Vecinal fijada por Resoluci\u00f3n Municipal N\u00b0 6.229\/05 a Asamblea General Ordinaria \u2013 C. D. para el d\u00eda martes, 31 de marzo de 2026a partir de las 20:00 horas en el Club Central Goya:<\/p>\n<p style=\"font-weight: 400;\">ORDEN DEL D\u00cdA<\/p>\n<p style=\"font-weight: 400;\">1\u00b0. Lectura del Acta de Convocatoria.<\/p>\n<p style=\"font-weight: 400;\">2\u00b0- Elecci\u00f3n del Presidente y Secretario de la Asamblea General Ordinaria \u2013 C. D. y de dos Vecinos para firmar el correspondiente Acta.<\/p>\n<p style=\"font-weight: 400;\">3\u00b0- Consideraci\u00f3n del Padr\u00f3n de Vecinos.<\/p>\n<p style=\"font-weight: 400;\">4\u00b0- Lectura, Consideraci\u00f3n y Aprobaci\u00f3n de la Memoria de la Presidencia a\u00f1os 2022, 2023, 2024 y 2025.<\/p>\n<p style=\"font-weight: 400;\">5\u00b0 &#8211; Lectura, Consideraci\u00f3n y Aprobaci\u00f3n del Informe de Tesorer\u00eda a\u00f1os 2022, 2023, 2024 y 2025.<\/p>\n<p style=\"font-weight: 400;\">6\u00b0- Elecci\u00f3n de Autoridades de Comisi\u00f3n Directiva y Comisi\u00f3n Revisora de Cuentas.<\/p>\n<p style=\"font-weight: 400;\">7\u00b0- Libre uso de la palabra<\/p>\n","protected":false},"excerpt":{"rendered":"<p>La Comisi\u00f3n Directiva del Consejo Vecinal del &#8220;BARRIO FRANCISCO PALAU Y QUER&#8221; CONVOCA, de acuerdo a lo establecido en el Estatuto de la Instituci\u00f3n, a todos los Se\u00f1ores Vecinos habitantes dentro de la Jurisdicci\u00f3n del Consejo Vecinal fijada por Resoluci\u00f3n Municipal N\u00b0 6.229\/05 a Asamblea General Ordinaria \u2013 C. D. para el d\u00eda martes, 31 [&hellip;]<\/p>\n","protected":false},"author":4,"featured_media":146628,"comment_status":"closed","ping_status":"closed","sticky":false,"template":"","format":"standard","meta":{"footnotes":""},"categories":[45],"tags":[],"class_list":{"0":"post-146627","1":"post","2":"type-post","3":"status-publish","4":"format-standard","5":"has-post-thumbnail","7":"category-locales"},"_links":{"self":[{"href":"https:\/\/revistaesperanzas.com\/web\/wp-json\/wp\/v2\/posts\/146627","targetHints":{"allow":["GET"]}}],"collection":[{"href":"https:\/\/revistaesperanzas.com\/web\/wp-json\/wp\/v2\/posts"}],"about":[{"href":"https:\/\/revistaesperanzas.com\/web\/wp-json\/wp\/v2\/types\/post"}],"author":[{"embeddable":true,"href":"https:\/\/revistaesperanzas.com\/web\/wp-json\/wp\/v2\/users\/4"}],"replies":[{"embeddable":true,"href":"https:\/\/revistaesperanzas.com\/web\/wp-json\/wp\/v2\/comments?post=146627"}],"version-history":[{"count":1,"href":"https:\/\/revistaesperanzas.com\/web\/wp-json\/wp\/v2\/posts\/146627\/revisions"}],"predecessor-version":[{"id":146629,"href":"https:\/\/revistaesperanzas.com\/web\/wp-json\/wp\/v2\/posts\/146627\/revisions\/146629"}],"wp:featuredmedia":[{"embeddable":true,"href":"https:\/\/revistaesperanzas.com\/web\/wp-json\/wp\/v2\/media\/146628"}],"wp:attachment":[{"href":"https:\/\/revistaesperanzas.com\/web\/wp-json\/wp\/v2\/media?parent=146627"}],"wp:term":[{"taxonomy":"category","embeddable":true,"href":"https:\/\/revistaesperanzas.com\/web\/wp-json\/wp\/v2\/categories?post=146627"},{"taxonomy":"post_tag","embeddable":true,"href":"https:\/\/revistaesperanzas.com\/web\/wp-json\/wp\/v2\/tags?post=146627"}],"curies":[{"name":"wp","href":"https:\/\/api.w.org\/{rel}","templated":true}]}}