{"id":146630,"date":"2026-03-11T20:20:11","date_gmt":"2026-03-11T23:20:11","guid":{"rendered":"https:\/\/revistaesperanzas.com\/web\/?p=146630"},"modified":"2026-03-11T20:20:11","modified_gmt":"2026-03-11T23:20:11","slug":"convocatoria-a-asamblea-general-ordinaria-del-barrio-bicentenario-de-la-patria","status":"publish","type":"post","link":"https:\/\/revistaesperanzas.com\/web\/2026\/03\/convocatoria-a-asamblea-general-ordinaria-del-barrio-bicentenario-de-la-patria\/","title":{"rendered":"CONVOCATORIA A ASAMBLEA GENERAL ORDINARIA DEL BARRIO BICENTENARIO DE LA PATRIA"},"content":{"rendered":"<p style=\"font-weight: 400;\">La Comisi\u00f3n Directiva del &#8220;Consejo Vecinal del barrio Bicentenario de la Patria&#8221; convoca a todos los Se\u00f1ores Vecinos habitantes dentro de la Jurisdicci\u00f3n, siendo esta: al Norte: Canal de Chiappe, al Sur: L\u00edmite Sur del Complejo Deportivo de Massalin Particulares S.A.; al Este: L\u00edmite del Barrio; y al Oeste: Avenida Leandro N. Alem, cerrando el pol\u00edgono; a Asamblea General Ordinaria &#8211; para el d\u00eda mi\u00e9rcoles 01 de abril de 2026, a partir de las 19:00 horas en la plaza del Barrio, para tratar el siguiente:<\/p>\n<p style=\"font-weight: 400;\">ORDEN DEL D\u0130A<\/p>\n<p style=\"font-weight: 400;\">1\u00b0- Lectura del acta de Convocatoria.<\/p>\n<p style=\"font-weight: 400;\">2\u00b0- Elecci\u00f3n del Presidente y Secretario de la Asambleas General Ordinaria \u2013 y de dos Se\u00f1ores Asamble\u00edstas para firmar la correspondiente acta.<\/p>\n<p style=\"font-weight: 400;\">3\u00b0- Lectura y Consideraci\u00f3n de la Memoria de la Presidencia a\u00f1o 2024 y a\u00f1o 2025.<\/p>\n<p style=\"font-weight: 400;\">4\u00b0- Lectura y Consideraci\u00f3n del Informe de Tesorer\u00eda a\u00f1os 2024 y 2025.<\/p>\n<p style=\"font-weight: 400;\">5\u00b0- Libre uso de la palabra.<\/p>\n<p style=\"font-weight: 400;\">Pasado treinta minutos de la hora convocada, la Asamblea General Ordinaria &#8211; sesionar\u00e1 con los Se\u00f1ores Vecinos presentes.<\/p>\n","protected":false},"excerpt":{"rendered":"<p>La Comisi\u00f3n Directiva del &#8220;Consejo Vecinal del barrio Bicentenario de la Patria&#8221; convoca a todos los Se\u00f1ores Vecinos habitantes dentro de la Jurisdicci\u00f3n, siendo esta: al Norte: Canal de Chiappe, al Sur: L\u00edmite Sur del Complejo Deportivo de Massalin Particulares S.A.; al Este: L\u00edmite del Barrio; y al Oeste: Avenida Leandro N. Alem, cerrando el [&hellip;]<\/p>\n","protected":false},"author":4,"featured_media":146632,"comment_status":"closed","ping_status":"closed","sticky":false,"template":"","format":"standard","meta":{"footnotes":""},"categories":[45],"tags":[],"class_list":{"0":"post-146630","1":"post","2":"type-post","3":"status-publish","4":"format-standard","5":"has-post-thumbnail","7":"category-locales"},"_links":{"self":[{"href":"https:\/\/revistaesperanzas.com\/web\/wp-json\/wp\/v2\/posts\/146630","targetHints":{"allow":["GET"]}}],"collection":[{"href":"https:\/\/revistaesperanzas.com\/web\/wp-json\/wp\/v2\/posts"}],"about":[{"href":"https:\/\/revistaesperanzas.com\/web\/wp-json\/wp\/v2\/types\/post"}],"author":[{"embeddable":true,"href":"https:\/\/revistaesperanzas.com\/web\/wp-json\/wp\/v2\/users\/4"}],"replies":[{"embeddable":true,"href":"https:\/\/revistaesperanzas.com\/web\/wp-json\/wp\/v2\/comments?post=146630"}],"version-history":[{"count":1,"href":"https:\/\/revistaesperanzas.com\/web\/wp-json\/wp\/v2\/posts\/146630\/revisions"}],"predecessor-version":[{"id":146633,"href":"https:\/\/revistaesperanzas.com\/web\/wp-json\/wp\/v2\/posts\/146630\/revisions\/146633"}],"wp:featuredmedia":[{"embeddable":true,"href":"https:\/\/revistaesperanzas.com\/web\/wp-json\/wp\/v2\/media\/146632"}],"wp:attachment":[{"href":"https:\/\/revistaesperanzas.com\/web\/wp-json\/wp\/v2\/media?parent=146630"}],"wp:term":[{"taxonomy":"category","embeddable":true,"href":"https:\/\/revistaesperanzas.com\/web\/wp-json\/wp\/v2\/categories?post=146630"},{"taxonomy":"post_tag","embeddable":true,"href":"https:\/\/revistaesperanzas.com\/web\/wp-json\/wp\/v2\/tags?post=146630"}],"curies":[{"name":"wp","href":"https:\/\/api.w.org\/{rel}","templated":true}]}}