{"id":146641,"date":"2026-03-11T20:42:28","date_gmt":"2026-03-11T23:42:28","guid":{"rendered":"https:\/\/revistaesperanzas.com\/web\/?p=146641"},"modified":"2026-03-11T20:42:28","modified_gmt":"2026-03-11T23:42:28","slug":"crecen-las-expectativas-por-la-proxima-inauguracion-de-la-nueva-costanera","status":"publish","type":"post","link":"https:\/\/revistaesperanzas.com\/web\/2026\/03\/crecen-las-expectativas-por-la-proxima-inauguracion-de-la-nueva-costanera\/","title":{"rendered":"CRECEN LAS EXPECTATIVAS POR LA PR\u00d3XIMA INAUGURACI\u00d3N DE LA NUEVA COSTANERA"},"content":{"rendered":"<p style=\"font-weight: 400;\"><a href=\"https:\/\/revistaesperanzas.com\/web\/2026\/03\/crecen-las-expectativas-por-la-proxima-inauguracion-de-la-nueva-costanera\/whatsapp-image-2026-03-11-at-17-35-45\/\" rel=\"attachment wp-att-146643\"><img loading=\"lazy\" decoding=\"async\" class=\" wp-image-146643 alignleft\" src=\"https:\/\/revistaesperanzas.com\/web\/wp-content\/uploads\/2026\/03\/WhatsApp-Image-2026-03-11-at-17.35.45.jpeg\" alt=\"\" width=\"400\" height=\"266\" \/><\/a>En horas de la ma\u00f1ana de este mi\u00e9rcoles, el intendente Mariano Hormaechea recorri\u00f3 las obras de la nueva Costanera de Goya, una mega obra que ejecuta el Gobierno de la Provincia y que representa uno de los paseos costeros m\u00e1s queridos por los sentimientos de los goyanos.<\/p>\n<p style=\"font-weight: 400;\"><a href=\"https:\/\/revistaesperanzas.com\/web\/2026\/03\/crecen-las-expectativas-por-la-proxima-inauguracion-de-la-nueva-costanera\/whatsapp-image-2026-03-11-at-17-35-41\/\" rel=\"attachment wp-att-146644\"><img loading=\"lazy\" decoding=\"async\" class=\" wp-image-146644 alignleft\" src=\"https:\/\/revistaesperanzas.com\/web\/wp-content\/uploads\/2026\/03\/WhatsApp-Image-2026-03-11-at-17.35.41.jpeg\" alt=\"\" width=\"400\" height=\"266\" \/><\/a>En el lugar se realizan los trabajos finales de esta intervenci\u00f3n que permitir\u00e1, en poco tiempo m\u00e1s, disfrutar de la inauguraci\u00f3n de la puesta en valor y recuperaci\u00f3n de este emblem\u00e1tico paseo p\u00fablico.<\/p>\n<p style=\"font-weight: 400;\">En esta \u00faltima etapa ya se complet\u00f3 la colocaci\u00f3n de vallas en la parte inferior. Adem\u00e1s, durante la jornada de ayer se terminaron de instalar las columnas del<a href=\"https:\/\/revistaesperanzas.com\/web\/2026\/03\/crecen-las-expectativas-por-la-proxima-inauguracion-de-la-nueva-costanera\/whatsapp-image-2026-03-11-at-17-35-40\/\" rel=\"attachment wp-att-146645\"><img loading=\"lazy\" decoding=\"async\" class=\" wp-image-146645 alignleft\" src=\"https:\/\/revistaesperanzas.com\/web\/wp-content\/uploads\/2026\/03\/WhatsApp-Image-2026-03-11-at-17.35.40.jpeg\" alt=\"\" width=\"400\" height=\"266\" \/><\/a> alumbrado, mientras contin\u00faan las tareas correspondientes a la instalaci\u00f3n el\u00e9ctrica.<\/p>\n<p style=\"font-weight: 400;\">La parte inferior, conocida como dermas, contar\u00e1 adem\u00e1s con bancos inundables. En ese sector tambi\u00e9n proseguir\u00e1n los trabajos en las escaleras y explanadas que conectan la parte inferior con la superior del paseo.<a href=\"https:\/\/revistaesperanzas.com\/web\/2026\/03\/crecen-las-expectativas-por-la-proxima-inauguracion-de-la-nueva-costanera\/whatsapp-image-2026-03-11-at-17-35-54\/\" rel=\"attachment wp-att-146646\"><img loading=\"lazy\" decoding=\"async\" class=\" wp-image-146646 alignleft\" src=\"https:\/\/revistaesperanzas.com\/web\/wp-content\/uploads\/2026\/03\/WhatsApp-Image-2026-03-11-at-17.35.54.jpeg\" alt=\"\" width=\"400\" height=\"266\" \/><\/a><\/p>\n<p style=\"font-weight: 400;\">En tanto, se avanza con la construcci\u00f3n de veredas en la parte superior de la costanera, donde tambi\u00e9n se llev\u00f3 adelante la plantaci\u00f3n de \u00e1rboles de distintas especies. Cabe destacar que este espacio contar\u00e1 con un sistema de instalaci\u00f3n de riego.<\/p>\n<p style=\"font-weight: 400;\">En la derma superior, durante esta<a href=\"https:\/\/revistaesperanzas.com\/web\/2026\/03\/crecen-las-expectativas-por-la-proxima-inauguracion-de-la-nueva-costanera\/whatsapp-image-2026-03-11-at-17-36-23\/\" rel=\"attachment wp-att-146647\"><img loading=\"lazy\" decoding=\"async\" class=\" wp-image-146647 alignleft\" src=\"https:\/\/revistaesperanzas.com\/web\/wp-content\/uploads\/2026\/03\/WhatsApp-Image-2026-03-11-at-17.36.23.jpeg\" alt=\"\" width=\"400\" height=\"266\" \/><\/a> semana se completar\u00e1 la construcci\u00f3n de los bancos, los cuales se encuentran ubicados 60 cent\u00edmetros por encima de los 8 metros de cota que establece el proyecto ejecutivo de defensa.<\/p>\n<p style=\"font-weight: 400;\">Por otra parte, ya se cuenta con la base del sector donde funcionar\u00e1 un parque tem\u00e1tico de juegos para<a href=\"https:\/\/revistaesperanzas.com\/web\/2026\/03\/crecen-las-expectativas-por-la-proxima-inauguracion-de-la-nueva-costanera\/whatsapp-image-2026-03-11-at-17-36-02\/\" rel=\"attachment wp-att-146648\"><img loading=\"lazy\" decoding=\"async\" class=\" wp-image-146648 alignright\" src=\"https:\/\/revistaesperanzas.com\/web\/wp-content\/uploads\/2026\/03\/WhatsApp-Image-2026-03-11-at-17.36.02.jpeg\" alt=\"\" width=\"400\" height=\"266\" \/><\/a> ni\u00f1os, con atractivos y juegos novedosos vinculados a los recursos naturales de la regi\u00f3n. Rodeando este espacio se dispondr\u00e1n bancos tipo living para que las familias puedan acompa\u00f1ar y disfrutar de este sector de esparcimiento.<\/p>\n<p style=\"font-weight: 400;\">Finalmente, se concluyen las tareas en el sector de sanitarios, que<a href=\"https:\/\/revistaesperanzas.com\/web\/2026\/03\/crecen-las-expectativas-por-la-proxima-inauguracion-de-la-nueva-costanera\/whatsapp-image-2026-03-11-at-17-36-03\/\" rel=\"attachment wp-att-146649\"><img loading=\"lazy\" decoding=\"async\" class=\" wp-image-146649 alignright\" src=\"https:\/\/revistaesperanzas.com\/web\/wp-content\/uploads\/2026\/03\/WhatsApp-Image-2026-03-11-at-17.36.03.jpeg\" alt=\"\" width=\"400\" height=\"266\" \/><\/a> adem\u00e1s dispondr\u00e1 de espacios con agua caliente y fr\u00eda, y contar\u00e1 con estaciones para recarga de celulares. Este \u00faltimo servicio ser\u00e1 provisto por la empresa local \u201cIQ Solar\u201d, encargada de suministrar las estructuras de carga para dispositivos m\u00f3viles destinadas a espacios p\u00fablicos.<a href=\"https:\/\/revistaesperanzas.com\/web\/2026\/03\/crecen-las-expectativas-por-la-proxima-inauguracion-de-la-nueva-costanera\/costanera\/\" rel=\"attachment wp-att-146653\"><img loading=\"lazy\" decoding=\"async\" class=\"alignnone  wp-image-146653\" src=\"https:\/\/revistaesperanzas.com\/web\/wp-content\/uploads\/2026\/03\/COSTANERA.jpg\" alt=\"\" width=\"707\" height=\"495\" srcset=\"https:\/\/revistaesperanzas.com\/web\/wp-content\/uploads\/2026\/03\/COSTANERA.jpg 600w, https:\/\/revistaesperanzas.com\/web\/wp-content\/uploads\/2026\/03\/COSTANERA-100x70.jpg 100w\" sizes=\"auto, (max-width: 707px) 100vw, 707px\" \/><\/a><\/p>\n","protected":false},"excerpt":{"rendered":"<p>En horas de la ma\u00f1ana de este mi\u00e9rcoles, el intendente Mariano Hormaechea recorri\u00f3 las obras de la nueva Costanera de Goya, una mega obra que ejecuta el Gobierno de la Provincia y que representa uno de los paseos costeros m\u00e1s queridos por los sentimientos de los goyanos. En el lugar se realizan los trabajos finales [&hellip;]<\/p>\n","protected":false},"author":4,"featured_media":146642,"comment_status":"closed","ping_status":"closed","sticky":false,"template":"","format":"standard","meta":{"footnotes":""},"categories":[45],"tags":[],"class_list":{"0":"post-146641","1":"post","2":"type-post","3":"status-publish","4":"format-standard","5":"has-post-thumbnail","7":"category-locales"},"_links":{"self":[{"href":"https:\/\/revistaesperanzas.com\/web\/wp-json\/wp\/v2\/posts\/146641","targetHints":{"allow":["GET"]}}],"collection":[{"href":"https:\/\/revistaesperanzas.com\/web\/wp-json\/wp\/v2\/posts"}],"about":[{"href":"https:\/\/revistaesperanzas.com\/web\/wp-json\/wp\/v2\/types\/post"}],"author":[{"embeddable":true,"href":"https:\/\/revistaesperanzas.com\/web\/wp-json\/wp\/v2\/users\/4"}],"replies":[{"embeddable":true,"href":"https:\/\/revistaesperanzas.com\/web\/wp-json\/wp\/v2\/comments?post=146641"}],"version-history":[{"count":2,"href":"https:\/\/revistaesperanzas.com\/web\/wp-json\/wp\/v2\/posts\/146641\/revisions"}],"predecessor-version":[{"id":146655,"href":"https:\/\/revistaesperanzas.com\/web\/wp-json\/wp\/v2\/posts\/146641\/revisions\/146655"}],"wp:featuredmedia":[{"embeddable":true,"href":"https:\/\/revistaesperanzas.com\/web\/wp-json\/wp\/v2\/media\/146642"}],"wp:attachment":[{"href":"https:\/\/revistaesperanzas.com\/web\/wp-json\/wp\/v2\/media?parent=146641"}],"wp:term":[{"taxonomy":"category","embeddable":true,"href":"https:\/\/revistaesperanzas.com\/web\/wp-json\/wp\/v2\/categories?post=146641"},{"taxonomy":"post_tag","embeddable":true,"href":"https:\/\/revistaesperanzas.com\/web\/wp-json\/wp\/v2\/tags?post=146641"}],"curies":[{"name":"wp","href":"https:\/\/api.w.org\/{rel}","templated":true}]}}