{"id":146664,"date":"2026-03-11T20:49:16","date_gmt":"2026-03-11T23:49:16","guid":{"rendered":"https:\/\/revistaesperanzas.com\/web\/?p=146664"},"modified":"2026-03-11T20:49:16","modified_gmt":"2026-03-11T23:49:16","slug":"sonia-espina-es-positivo-que-goya-reciba-capacitacion-de-nivel-internacional","status":"publish","type":"post","link":"https:\/\/revistaesperanzas.com\/web\/2026\/03\/sonia-espina-es-positivo-que-goya-reciba-capacitacion-de-nivel-internacional\/","title":{"rendered":"SONIA ESPINA: &#8220;ES POSITIVO QUE GOYA RECIBA CAPACITACI\u00d3N DE NIVEL INTERNACIONAL&#8221;"},"content":{"rendered":"<p style=\"font-weight: 400;\">Capacitaci\u00f3n en autismo<\/p>\n<p style=\"font-weight: 400;\">La secretaria de Educaci\u00f3n Sonia Espina destac\u00f3 la importancia de la pr\u00f3xima capacitaci\u00f3n sobre autismo que se realizar\u00e1 en Goya, resaltando que contar con la presencia de un experto internacional representa una oportunidad valiosa para la comunidad educativa y la ciudad en general.<\/p>\n<p style=\"font-weight: 400;\">El pr\u00f3ximo 21 de marzo, en el Sal\u00f3n Emperador ubicado en Espa\u00f1a 659, se llevar\u00e1 a cabo una capacitaci\u00f3n titulada &#8220;Autismo, caja de herramientas para brindar apoyos en la escuela&#8221;, iniciativa de la Fundaci\u00f3n y Centro Educativo Terap\u00e9utico \u201cValiente\u201d con el apoyo de la Municipalidad de Goya. La charla ser\u00e1 dictada por el doctor en psicolog\u00eda Daniel Valdez, reconocido referente internacional en el campo del autismo.<\/p>\n<p style=\"font-weight: 400;\">La secretaria de Educaci\u00f3n de Goya, Sonia Espina, en declaraciones radiales destac\u00f3 la importancia de esta actividad para la comunidad educativa y la sociedad en general. Explic\u00f3 que la capacitaci\u00f3n es producto de la colaboraci\u00f3n entre la Fundaci\u00f3n Valiente y el Club de Leones, y que desde el municipio se est\u00e1 brindando apoyo en la difusi\u00f3n del evento y otros aspectos.<\/p>\n<p style=\"font-weight: 400;\">IMPORTANCIA DE SU ABORDAJE<\/p>\n<p style=\"font-weight: 400;\">\u201cEs un tema importante; en la Feria del Libro siempre hemos abordado esta tem\u00e1tica. Antes se hablaba solamente del espectro autista, pero hoy hay m\u00e1s diagn\u00f3sticos y diferentes condiciones dentro del campo del autismo. Es un \u00e1rea en constante estudio y crecimiento\u201d, coment\u00f3 la funcionaria del \u00e1rea educativa.\u00a0 Adem\u00e1s, valor\u00f3 la visita a Argentina de profesionales de alto nivel, como Daniel Valdez, quien recorre distintos lugares para brindar capacitaciones internacionales.<\/p>\n<p style=\"font-weight: 400;\">La secretaria municipal se\u00f1al\u00f3 que Romina Ponce de Le\u00f3n, de la Fundaci\u00f3n Valiente, tuvo la oportunidad de dialogar con el equipo organizador y coordinar la presencia del experto en autismo en la ciudad. Desde la Secretar\u00eda de Educaci\u00f3n se enviaron invitaciones a varias instituciones educativas con el objetivo de que los docentes y vecinos puedan aprovechar esta oportunidad de formaci\u00f3n y actualizaci\u00f3n.<\/p>\n<p style=\"font-weight: 400;\">Finalmente, Sonia Espina hizo un llamado a la comunidad para que se interese y participe en esta iniciativa. \u201cEs importante que los vecinos acompa\u00f1en esta capacitaci\u00f3n y puedan escuchar a una persona con un curr\u00edculum tan destacado, que ofrecer\u00e1 herramientas pr\u00e1cticas para apoyar a los ni\u00f1os y j\u00f3venes con autismo en el \u00e1mbito escolar\u201d.<\/p>\n","protected":false},"excerpt":{"rendered":"<p>Capacitaci\u00f3n en autismo La secretaria de Educaci\u00f3n Sonia Espina destac\u00f3 la importancia de la pr\u00f3xima capacitaci\u00f3n sobre autismo que se realizar\u00e1 en Goya, resaltando que contar con la presencia de un experto internacional representa una oportunidad valiosa para la comunidad educativa y la ciudad en general. El pr\u00f3ximo 21 de marzo, en el Sal\u00f3n Emperador [&hellip;]<\/p>\n","protected":false},"author":4,"featured_media":146546,"comment_status":"closed","ping_status":"closed","sticky":false,"template":"","format":"standard","meta":{"footnotes":""},"categories":[45],"tags":[],"class_list":{"0":"post-146664","1":"post","2":"type-post","3":"status-publish","4":"format-standard","5":"has-post-thumbnail","7":"category-locales"},"_links":{"self":[{"href":"https:\/\/revistaesperanzas.com\/web\/wp-json\/wp\/v2\/posts\/146664","targetHints":{"allow":["GET"]}}],"collection":[{"href":"https:\/\/revistaesperanzas.com\/web\/wp-json\/wp\/v2\/posts"}],"about":[{"href":"https:\/\/revistaesperanzas.com\/web\/wp-json\/wp\/v2\/types\/post"}],"author":[{"embeddable":true,"href":"https:\/\/revistaesperanzas.com\/web\/wp-json\/wp\/v2\/users\/4"}],"replies":[{"embeddable":true,"href":"https:\/\/revistaesperanzas.com\/web\/wp-json\/wp\/v2\/comments?post=146664"}],"version-history":[{"count":1,"href":"https:\/\/revistaesperanzas.com\/web\/wp-json\/wp\/v2\/posts\/146664\/revisions"}],"predecessor-version":[{"id":146665,"href":"https:\/\/revistaesperanzas.com\/web\/wp-json\/wp\/v2\/posts\/146664\/revisions\/146665"}],"wp:featuredmedia":[{"embeddable":true,"href":"https:\/\/revistaesperanzas.com\/web\/wp-json\/wp\/v2\/media\/146546"}],"wp:attachment":[{"href":"https:\/\/revistaesperanzas.com\/web\/wp-json\/wp\/v2\/media?parent=146664"}],"wp:term":[{"taxonomy":"category","embeddable":true,"href":"https:\/\/revistaesperanzas.com\/web\/wp-json\/wp\/v2\/categories?post=146664"},{"taxonomy":"post_tag","embeddable":true,"href":"https:\/\/revistaesperanzas.com\/web\/wp-json\/wp\/v2\/tags?post=146664"}],"curies":[{"name":"wp","href":"https:\/\/api.w.org\/{rel}","templated":true}]}}