{"id":146669,"date":"2026-03-11T20:53:13","date_gmt":"2026-03-11T23:53:13","guid":{"rendered":"https:\/\/revistaesperanzas.com\/web\/?p=146669"},"modified":"2026-03-11T20:53:13","modified_gmt":"2026-03-11T23:53:13","slug":"taller-de-danzas-y-expresion-corporal","status":"publish","type":"post","link":"https:\/\/revistaesperanzas.com\/web\/2026\/03\/taller-de-danzas-y-expresion-corporal\/","title":{"rendered":"TALLER DE DANZAS Y EXPRESI\u00d3N CORPORAL"},"content":{"rendered":"<p style=\"font-weight: 400;\">En el Teatro Municipal dio inicio el taller de Danzas y Expresi\u00f3n Corporal.<\/p>\n<p style=\"font-weight: 400;\">La propuesta de la gesti\u00f3n municipal, a trav\u00e9s de la Direcci\u00f3n de Cultura, abre una nueva temporada, de manera gratuita con el prop\u00f3sito de formarlos en la danza cl\u00e1sica, la expresi\u00f3n corporal para generar un &#8220;semillero&#8221; para futuras propuestas art\u00edsticas.<\/p>\n<p style=\"font-weight: 400;\">El objetivo del taller a cargo de la profesora Lucrecia Stacciouli, es acompa\u00f1ar a los estudiantes desde temprana edad en la t\u00e9cnica cl\u00e1sica, considerada fundamental para todas las danzas, proporcionando una base s\u00f3lida para el desarrollo del cuerpo y facilitando la transici\u00f3n a otros estilos.<\/p>\n","protected":false},"excerpt":{"rendered":"<p>En el Teatro Municipal dio inicio el taller de Danzas y Expresi\u00f3n Corporal. La propuesta de la gesti\u00f3n municipal, a trav\u00e9s de la Direcci\u00f3n de Cultura, abre una nueva temporada, de manera gratuita con el prop\u00f3sito de formarlos en la danza cl\u00e1sica, la expresi\u00f3n corporal para generar un &#8220;semillero&#8221; para futuras propuestas art\u00edsticas. El objetivo [&hellip;]<\/p>\n","protected":false},"author":4,"featured_media":146670,"comment_status":"closed","ping_status":"closed","sticky":false,"template":"","format":"standard","meta":{"footnotes":""},"categories":[45],"tags":[],"class_list":{"0":"post-146669","1":"post","2":"type-post","3":"status-publish","4":"format-standard","5":"has-post-thumbnail","7":"category-locales"},"_links":{"self":[{"href":"https:\/\/revistaesperanzas.com\/web\/wp-json\/wp\/v2\/posts\/146669","targetHints":{"allow":["GET"]}}],"collection":[{"href":"https:\/\/revistaesperanzas.com\/web\/wp-json\/wp\/v2\/posts"}],"about":[{"href":"https:\/\/revistaesperanzas.com\/web\/wp-json\/wp\/v2\/types\/post"}],"author":[{"embeddable":true,"href":"https:\/\/revistaesperanzas.com\/web\/wp-json\/wp\/v2\/users\/4"}],"replies":[{"embeddable":true,"href":"https:\/\/revistaesperanzas.com\/web\/wp-json\/wp\/v2\/comments?post=146669"}],"version-history":[{"count":1,"href":"https:\/\/revistaesperanzas.com\/web\/wp-json\/wp\/v2\/posts\/146669\/revisions"}],"predecessor-version":[{"id":146671,"href":"https:\/\/revistaesperanzas.com\/web\/wp-json\/wp\/v2\/posts\/146669\/revisions\/146671"}],"wp:featuredmedia":[{"embeddable":true,"href":"https:\/\/revistaesperanzas.com\/web\/wp-json\/wp\/v2\/media\/146670"}],"wp:attachment":[{"href":"https:\/\/revistaesperanzas.com\/web\/wp-json\/wp\/v2\/media?parent=146669"}],"wp:term":[{"taxonomy":"category","embeddable":true,"href":"https:\/\/revistaesperanzas.com\/web\/wp-json\/wp\/v2\/categories?post=146669"},{"taxonomy":"post_tag","embeddable":true,"href":"https:\/\/revistaesperanzas.com\/web\/wp-json\/wp\/v2\/tags?post=146669"}],"curies":[{"name":"wp","href":"https:\/\/api.w.org\/{rel}","templated":true}]}}