{"id":146672,"date":"2026-03-11T21:02:21","date_gmt":"2026-03-12T00:02:21","guid":{"rendered":"https:\/\/revistaesperanzas.com\/web\/?p=146672"},"modified":"2026-03-11T21:02:21","modified_gmt":"2026-03-12T00:02:21","slug":"la-camara-de-diputados-de-la-provincia-de-corrientes-giro-a-comisiones-los-expedientes-ingresados","status":"publish","type":"post","link":"https:\/\/revistaesperanzas.com\/web\/2026\/03\/la-camara-de-diputados-de-la-provincia-de-corrientes-giro-a-comisiones-los-expedientes-ingresados\/","title":{"rendered":"LA C\u00c1MARA DE DIPUTADOS DE LA PROVINCIA DE CORRIENTES GIR\u00d3 A COMISIONES LOS EXPEDIENTES INGRESADOS"},"content":{"rendered":"<div>\n<p class=\"x_ydp69c48d21yiv0244961204ydp5bb80aa8yiv6536827835ydp2dd90fbeMsoNormal\">La C\u00e1mara de Diputados de la Provincia, presidida por<b>\u00a0Eduardo Tassano,<\/b>\u00a0aprob\u00f3 por unanimidad que las sesiones ordinarias de este cuerpo parlamentario seguir\u00e1n siendo los d\u00edas mi\u00e9rcoles a las 11 horas.<a href=\"https:\/\/revistaesperanzas.com\/web\/2026\/03\/la-camara-de-diputados-de-la-provincia-de-corrientes-giro-a-comisiones-los-expedientes-ingresados\/panoramica-dos\/\" rel=\"attachment wp-att-146676\"><img loading=\"lazy\" decoding=\"async\" class=\" wp-image-146676 alignleft\" src=\"https:\/\/revistaesperanzas.com\/web\/wp-content\/uploads\/2026\/03\/Panoramica-dos.jpg\" alt=\"\" width=\"501\" height=\"334\" \/><\/a><\/p>\n<p class=\"x_ydp69c48d21yiv0244961204ydp5bb80aa8yiv6536827835ydp2dd90fbeMsoNormal\">En el primer encuentro, fueron girados a las comisiones respectivas los proyectos que tomaron estado parlamentario, tal lo establecido en la t\u00e9cnica legislativa.<\/p>\n<p class=\"x_ydp69c48d21yiv0244961204ydp5bb80aa8yiv6536827835ydp2dd90fbeMsoNormal\">Se aprobaron adem\u00e1s una serie de Declaraciones y se facult\u00f3 a la presidencia completar la integraci\u00f3n de las Comisiones<a href=\"https:\/\/revistaesperanzas.com\/web\/2026\/03\/la-camara-de-diputados-de-la-provincia-de-corrientes-giro-a-comisiones-los-expedientes-ingresados\/panoramica-3\/\" rel=\"attachment wp-att-146677\"><img loading=\"lazy\" decoding=\"async\" class=\" wp-image-146677 alignright\" src=\"https:\/\/revistaesperanzas.com\/web\/wp-content\/uploads\/2026\/03\/Panoramica-3.jpg\" alt=\"\" width=\"500\" height=\"333\" \/><\/a> Permanentes del cuerpo parlamentario, las que por Resoluci\u00f3n -aprobada en el recinto- fueron integradas con algunas vacantes a completar.<\/p>\n<p class=\"x_ydp69c48d21yiv0244961204ydp5bb80aa8yiv6536827835ydp2dd90fbeMsoNormal\">Cabe mencionar que en breve, se reunir\u00e1 cada comisi\u00f3n para elegir sus autoridades.<\/p>\n<div>Se hizo menci\u00f3n tambi\u00e9n a fechas hist\u00f3ricas: D\u00eda de la Mujer y D\u00eda de la Memoria, entre otras.<\/div>\n<\/div>\n<div><\/div>\n","protected":false},"excerpt":{"rendered":"<p>La C\u00e1mara de Diputados de la Provincia, presidida por\u00a0Eduardo Tassano,\u00a0aprob\u00f3 por unanimidad que las sesiones ordinarias de este cuerpo parlamentario seguir\u00e1n siendo los d\u00edas mi\u00e9rcoles a las 11 horas. En el primer encuentro, fueron girados a las comisiones respectivas los proyectos que tomaron estado parlamentario, tal lo establecido en la t\u00e9cnica legislativa. Se aprobaron adem\u00e1s [&hellip;]<\/p>\n","protected":false},"author":4,"featured_media":146675,"comment_status":"closed","ping_status":"closed","sticky":false,"template":"","format":"standard","meta":{"footnotes":""},"categories":[58],"tags":[],"class_list":{"0":"post-146672","1":"post","2":"type-post","3":"status-publish","4":"format-standard","5":"has-post-thumbnail","7":"category-corrientes"},"_links":{"self":[{"href":"https:\/\/revistaesperanzas.com\/web\/wp-json\/wp\/v2\/posts\/146672","targetHints":{"allow":["GET"]}}],"collection":[{"href":"https:\/\/revistaesperanzas.com\/web\/wp-json\/wp\/v2\/posts"}],"about":[{"href":"https:\/\/revistaesperanzas.com\/web\/wp-json\/wp\/v2\/types\/post"}],"author":[{"embeddable":true,"href":"https:\/\/revistaesperanzas.com\/web\/wp-json\/wp\/v2\/users\/4"}],"replies":[{"embeddable":true,"href":"https:\/\/revistaesperanzas.com\/web\/wp-json\/wp\/v2\/comments?post=146672"}],"version-history":[{"count":2,"href":"https:\/\/revistaesperanzas.com\/web\/wp-json\/wp\/v2\/posts\/146672\/revisions"}],"predecessor-version":[{"id":146679,"href":"https:\/\/revistaesperanzas.com\/web\/wp-json\/wp\/v2\/posts\/146672\/revisions\/146679"}],"wp:featuredmedia":[{"embeddable":true,"href":"https:\/\/revistaesperanzas.com\/web\/wp-json\/wp\/v2\/media\/146675"}],"wp:attachment":[{"href":"https:\/\/revistaesperanzas.com\/web\/wp-json\/wp\/v2\/media?parent=146672"}],"wp:term":[{"taxonomy":"category","embeddable":true,"href":"https:\/\/revistaesperanzas.com\/web\/wp-json\/wp\/v2\/categories?post=146672"},{"taxonomy":"post_tag","embeddable":true,"href":"https:\/\/revistaesperanzas.com\/web\/wp-json\/wp\/v2\/tags?post=146672"}],"curies":[{"name":"wp","href":"https:\/\/api.w.org\/{rel}","templated":true}]}}