{"id":146680,"date":"2026-03-11T21:17:43","date_gmt":"2026-03-12T00:17:43","guid":{"rendered":"https:\/\/revistaesperanzas.com\/web\/?p=146680"},"modified":"2026-03-11T21:17:43","modified_gmt":"2026-03-12T00:17:43","slug":"el-intendente-mariano-hormaechea-encabezo-la-coronacion-de-reinas-y-reyes-de-los-carnavales-2026","status":"publish","type":"post","link":"https:\/\/revistaesperanzas.com\/web\/2026\/03\/el-intendente-mariano-hormaechea-encabezo-la-coronacion-de-reinas-y-reyes-de-los-carnavales-2026\/","title":{"rendered":"EL INTENDENTE MARIANO HORMAECHEA ENCABEZ\u00d3 LA CORONACI\u00d3N DE REINAS Y REYES DE LOS CARNAVALES 2026"},"content":{"rendered":"<p class=\"x_MsoNormal\"><a href=\"https:\/\/revistaesperanzas.com\/web\/2026\/03\/el-intendente-mariano-hormaechea-encabezo-la-coronacion-de-reinas-y-reyes-de-los-carnavales-2026\/coronacion-de-reyes-y-reinas-del-carnaval-3\/\" rel=\"attachment wp-att-146682\"><img loading=\"lazy\" decoding=\"async\" class=\" wp-image-146682 alignleft\" src=\"https:\/\/revistaesperanzas.com\/web\/wp-content\/uploads\/2026\/03\/coronacion-de-Reyes-y-Reinas-del-carnaval-3.jpg\" alt=\"\" width=\"450\" height=\"299\" \/><\/a>Este mi\u00e9rcoles, en el hall de entrada del edificio municipal, se llev\u00f3 a cabo un acto emotivo y sencillo en el que el intendente Mariano Hormaechea hizo entrega de los atributos a las reinas y reyes electos durante los recientes carnavales. En la ceremonia, el jefe comunal destac\u00f3 la importancia de estos eventos para la ciudad y anunci\u00f3 los avances en la organizaci\u00f3n y modernizaci\u00f3n de los carnavales.<a href=\"https:\/\/revistaesperanzas.com\/web\/2026\/03\/el-intendente-mariano-hormaechea-encabezo-la-coronacion-de-reinas-y-reyes-de-los-carnavales-2026\/coronacion-de-reyes-y-reinas-del-carnaval-2\/\" rel=\"attachment wp-att-146683\"><img loading=\"lazy\" decoding=\"async\" class=\" wp-image-146683 alignright\" src=\"https:\/\/revistaesperanzas.com\/web\/wp-content\/uploads\/2026\/03\/coronacion-de-Reyes-y-Reinas-del-carnaval-2.jpg\" alt=\"\" width=\"450\" height=\"299\" \/><\/a><\/p>\n<p class=\"x_MsoNormal\">El jefe comunal estuvo acompa\u00f1ado del secretario de Turismo Sebasti\u00e1n Candia De Biasio, el secretario de Desarrollo Humano y Promoci\u00f3n Social Julio Canteros y el secretario de Modernizaci\u00f3n Andr\u00e9s Zajarevich, adem\u00e1s del subsecretario de Promoci\u00f3n Tur\u00edstica de la provincia, Oscar Mac\u00edas. Tambi\u00e9n participaron la primera princesa de la edici\u00f3n 2026, Dahiana<a href=\"https:\/\/revistaesperanzas.com\/web\/2026\/03\/el-intendente-mariano-hormaechea-encabezo-la-coronacion-de-reinas-y-reyes-de-los-carnavales-2026\/coronacion-reyes-y-reinas-del-carnaval-1\/\" rel=\"attachment wp-att-146684\"><img loading=\"lazy\" decoding=\"async\" class=\" wp-image-146684 alignleft\" src=\"https:\/\/revistaesperanzas.com\/web\/wp-content\/uploads\/2026\/03\/coronacion-Reyes-y-Reinas-del-Carnaval-1.jpg\" alt=\"\" width=\"450\" height=\"299\" \/><\/a> Fossatt, representantes de las distintas comparsas, como Norma Debortoli de Poramb\u00e1,\u00a0Vanesa Baquer\u00edn de Arami y Juan Romero de Ita Vera.<\/p>\n<p class=\"x_MsoNormal\">En la ocasi\u00f3n, el intendente Hormaechea dio la bienvenida y expres\u00f3 su satisfacci\u00f3n por los logros alcanzados y los pasos que se est\u00e1n dando para fortalecer los carnavales. \u201cComo gesti\u00f3n, venimos apostando a que<a href=\"https:\/\/revistaesperanzas.com\/web\/2026\/03\/el-intendente-mariano-hormaechea-encabezo-la-coronacion-de-reinas-y-reyes-de-los-carnavales-2026\/coronacion-de-reyes-y-reinas-del-carnaval-4\/\" rel=\"attachment wp-att-146685\"><img loading=\"lazy\" decoding=\"async\" class=\" wp-image-146685 alignright\" src=\"https:\/\/revistaesperanzas.com\/web\/wp-content\/uploads\/2026\/03\/coronacion-de-Reyes-y-Reinas-del-carnaval-4.jpg\" alt=\"\" width=\"450\" height=\"299\" \/><\/a> nuestros carnavales sigan creciendo. Creo que hemos dado pasos importantes; hemos aprendido mucho en este tiempo y queremos seguir aprendiendo y trabajando en conjunto\u201d, afirm\u00f3.<\/p>\n<p class=\"x_MsoNormal\">Mariano Hormaechea tambi\u00e9n resalt\u00f3 la transformaci\u00f3n del cors\u00f3dromo, que ahora cuenta con un 100% de tribunas, en contraste con las sillas y<a href=\"https:\/\/revistaesperanzas.com\/web\/2026\/03\/el-intendente-mariano-hormaechea-encabezo-la-coronacion-de-reinas-y-reyes-de-los-carnavales-2026\/coronacion-de-reyes-y-reinas-del-carnaval-5\/\" rel=\"attachment wp-att-146686\"><img loading=\"lazy\" decoding=\"async\" class=\" wp-image-146686 alignleft\" src=\"https:\/\/revistaesperanzas.com\/web\/wp-content\/uploads\/2026\/03\/coronacion-de-Reyes-y-Reinas-del-carnaval-5.jpg\" alt=\"\" width=\"450\" height=\"299\" \/><\/a> mesas que hab\u00eda anteriormente. \u201cHemos logrado, en este trabajo conjunto, elevar la calidad de nuestros carnavales. Hoy tenemos un cors\u00f3dromo moderno que enriquece los carnavales. La idea es seguir convoc\u00e1ndolos, seguir trabajando juntos, sobre todo en estos tiempos dif\u00edciles\u201d, expres\u00f3.<\/p>\n<p class=\"x_MsoNormal\">El intendente Mariano Hormaechea subray\u00f3 que \u201cla intenci\u00f3n es comenzar a organizarnos<a href=\"https:\/\/revistaesperanzas.com\/web\/2026\/03\/el-intendente-mariano-hormaechea-encabezo-la-coronacion-de-reinas-y-reyes-de-los-carnavales-2026\/coronacion-de-reyes-y-reinas-del-carnaval-7\/\" rel=\"attachment wp-att-146687\"><img loading=\"lazy\" decoding=\"async\" class=\" wp-image-146687 alignright\" src=\"https:\/\/revistaesperanzas.com\/web\/wp-content\/uploads\/2026\/03\/coronacion-de-Reyes-y-Reinas-del-carnaval-7.jpg\" alt=\"\" width=\"450\" height=\"299\" \/><\/a> con tiempo: vamos a pasar nuestra Fiesta del Surub\u00ed y, luego, empezaremos a proyectar y a remarcar en los tiempos que vienen, que no ser\u00e1n f\u00e1ciles desde el punto de vista econ\u00f3mico\u201d. \u201cSeguramente, al terminar la Fiesta del Surub\u00ed, instruir\u00e9 al secretario de Turismo y su equipo para convocarlos y empezar a diagramar juntos lo que ser\u00e1n los carnavales del 2027\u201d, anticip\u00f3.<a href=\"https:\/\/revistaesperanzas.com\/web\/2026\/03\/el-intendente-mariano-hormaechea-encabezo-la-coronacion-de-reinas-y-reyes-de-los-carnavales-2026\/coronacion-de-reyes-y-reinas-del-carnaval-8\/\" rel=\"attachment wp-att-146688\"><img loading=\"lazy\" decoding=\"async\" class=\" wp-image-146688 alignleft\" src=\"https:\/\/revistaesperanzas.com\/web\/wp-content\/uploads\/2026\/03\/coronacion-de-Reyes-y-Reinas-del-carnaval-8.jpg\" alt=\"\" width=\"450\" height=\"299\" \/><\/a><\/p>\n<p class=\"x_MsoNormal\">Adem\u00e1s, expres\u00f3: \u201cEl carnaval tiene mucho potencial y es un capital tur\u00edstico de la ciudad. Deseamos seguir construyendo y apostando al turismo; seguir sosteniendo los carnavales, trabajando juntos\u201d.<\/p>\n<p class=\"x_MsoNormal\">Seguidamente, se procedi\u00f3 a la coronaci\u00f3n de las reinas de la edici\u00f3n 2026 de los carnavales, Trinidad Aquino y Daniela<a href=\"https:\/\/revistaesperanzas.com\/web\/2026\/03\/el-intendente-mariano-hormaechea-encabezo-la-coronacion-de-reinas-y-reyes-de-los-carnavales-2026\/coronacion-de-reyes-y-reinas-del-carnaval-12\/\" rel=\"attachment wp-att-146690\"><img loading=\"lazy\" decoding=\"async\" class=\" wp-image-146690 alignright\" src=\"https:\/\/revistaesperanzas.com\/web\/wp-content\/uploads\/2026\/03\/coronacion-de-Reyes-y-Reinas-del-carnaval-12.jpg\" alt=\"\" width=\"450\" height=\"299\" \/><\/a> Vallejos, que tambi\u00e9n son embajadoras de nuestros corsos. El secretario de Modernizaci\u00f3n Andr\u00e9s Zajarevich y el secretario de Desarrollo Humano Julio Canteros procedieron a colocarles las capas a las reinas.\u00a0Luego, el intendente Mariano Hormaechea y el secretario de Turismo Sebasti\u00e1n Candia De Biasio entregaron los cetros y capas a Daniela Vallejos (Poramb\u00e1) y Trinidad Aquino (Aymar\u00e1). De<a href=\"https:\/\/revistaesperanzas.com\/web\/2026\/03\/el-intendente-mariano-hormaechea-encabezo-la-coronacion-de-reinas-y-reyes-de-los-carnavales-2026\/coronacion-de-reyes-y-reinas-del-carnaval-14\/\" rel=\"attachment wp-att-146691\"><img loading=\"lazy\" decoding=\"async\" class=\" wp-image-146691 alignleft\" src=\"https:\/\/revistaesperanzas.com\/web\/wp-content\/uploads\/2026\/03\/coronacion-de-Reyes-y-Reinas-del-carnaval-14.jpg\" alt=\"\" width=\"450\" height=\"299\" \/><\/a> la misma forma, el intendente Hormaechea y el secretario de Turismo procedieron a la coronaci\u00f3n y entrega de atributos, cetro y capas, a los reyes del carnaval goyano: Marcos Mart\u00ednez (Aymar\u00e1) y Emmanuel Pitt\u00f3n (Poramb\u00e1).<\/p>\n","protected":false},"excerpt":{"rendered":"<p>Este mi\u00e9rcoles, en el hall de entrada del edificio municipal, se llev\u00f3 a cabo un acto emotivo y sencillo en el que el intendente Mariano Hormaechea hizo entrega de los atributos a las reinas y reyes electos durante los recientes carnavales. En la ceremonia, el jefe comunal destac\u00f3 la importancia de estos eventos para la [&hellip;]<\/p>\n","protected":false},"author":4,"featured_media":146681,"comment_status":"closed","ping_status":"closed","sticky":false,"template":"","format":"standard","meta":{"footnotes":""},"categories":[45],"tags":[],"class_list":{"0":"post-146680","1":"post","2":"type-post","3":"status-publish","4":"format-standard","5":"has-post-thumbnail","7":"category-locales"},"_links":{"self":[{"href":"https:\/\/revistaesperanzas.com\/web\/wp-json\/wp\/v2\/posts\/146680","targetHints":{"allow":["GET"]}}],"collection":[{"href":"https:\/\/revistaesperanzas.com\/web\/wp-json\/wp\/v2\/posts"}],"about":[{"href":"https:\/\/revistaesperanzas.com\/web\/wp-json\/wp\/v2\/types\/post"}],"author":[{"embeddable":true,"href":"https:\/\/revistaesperanzas.com\/web\/wp-json\/wp\/v2\/users\/4"}],"replies":[{"embeddable":true,"href":"https:\/\/revistaesperanzas.com\/web\/wp-json\/wp\/v2\/comments?post=146680"}],"version-history":[{"count":2,"href":"https:\/\/revistaesperanzas.com\/web\/wp-json\/wp\/v2\/posts\/146680\/revisions"}],"predecessor-version":[{"id":146693,"href":"https:\/\/revistaesperanzas.com\/web\/wp-json\/wp\/v2\/posts\/146680\/revisions\/146693"}],"wp:featuredmedia":[{"embeddable":true,"href":"https:\/\/revistaesperanzas.com\/web\/wp-json\/wp\/v2\/media\/146681"}],"wp:attachment":[{"href":"https:\/\/revistaesperanzas.com\/web\/wp-json\/wp\/v2\/media?parent=146680"}],"wp:term":[{"taxonomy":"category","embeddable":true,"href":"https:\/\/revistaesperanzas.com\/web\/wp-json\/wp\/v2\/categories?post=146680"},{"taxonomy":"post_tag","embeddable":true,"href":"https:\/\/revistaesperanzas.com\/web\/wp-json\/wp\/v2\/tags?post=146680"}],"curies":[{"name":"wp","href":"https:\/\/api.w.org\/{rel}","templated":true}]}}