{"id":146697,"date":"2026-03-12T09:28:17","date_gmt":"2026-03-12T12:28:17","guid":{"rendered":"https:\/\/revistaesperanzas.com\/web\/?p=146697"},"modified":"2026-03-12T09:28:17","modified_gmt":"2026-03-12T12:28:17","slug":"unidad-especial-de-seguridad-rural-y-ecologica-ituzaingo","status":"publish","type":"post","link":"https:\/\/revistaesperanzas.com\/web\/2026\/03\/unidad-especial-de-seguridad-rural-y-ecologica-ituzaingo\/","title":{"rendered":"UNIDAD ESPECIAL DE SEGURIDAD RURAL Y ECOLOGICA- ITUZAING\u00d3"},"content":{"rendered":"<p>Tras un profesional trabajo, la Polic\u00eda rescato a un can que habr\u00eda ca\u00eddo a un pozo ciego.<a href=\"https:\/\/revistaesperanzas.com\/web\/2026\/03\/unidad-especial-de-seguridad-rural-y-ecologica-ituzaingo\/whatsapp-image-2026-03-12-at-09-07-26\/\" rel=\"attachment wp-att-146699\"><img loading=\"lazy\" decoding=\"async\" class=\" wp-image-146699 alignleft\" src=\"https:\/\/revistaesperanzas.com\/web\/wp-content\/uploads\/2026\/03\/WhatsApp-Image-2026-03-12-at-09.07.26.jpeg\" alt=\"\" width=\"400\" height=\"517\" srcset=\"https:\/\/revistaesperanzas.com\/web\/wp-content\/uploads\/2026\/03\/WhatsApp-Image-2026-03-12-at-09.07.26.jpeg 580w, https:\/\/revistaesperanzas.com\/web\/wp-content\/uploads\/2026\/03\/WhatsApp-Image-2026-03-12-at-09.07.26-325x420.jpeg 325w\" sizes=\"auto, (max-width: 400px) 100vw, 400px\" \/><\/a><br \/>\nEfectivos policiales dependientes de la Unidad Especial de Seguridad Rural y Ecol\u00f3gica de Ituzaing\u00f3 rescataron en horas de la ma\u00f1ana DEL 11-03-26 a un perro que hab\u00eda ca\u00eddo en un pozo ciego.<\/p>\n<p>El procedimiento, lo concretaron luego de ser alertados que un can habr\u00eda ca\u00eddo a un pozo ubicado por inmediaciones de calles Sarmiento y Entre R\u00edos de esa ciudad, por lo que de manera inmediata y tras llevar adelante un profesional trabajo, los mencionados efectivos lograron finalmente rescatar al mismo.<\/p>\n<p>El animal resulto ileso y fue atendido por la m\u00e9dica veterinaria<\/p>\n<div style=\"width: 480px;\" class=\"wp-video\"><!--[if lt IE 9]><script>document.createElement('video');<\/script><![endif]-->\n<video class=\"wp-video-shortcode\" id=\"video-146697-1\" width=\"480\" height=\"848\" preload=\"metadata\" controls=\"controls\"><source type=\"video\/mp4\" src=\"https:\/\/revistaesperanzas.com\/web\/wp-content\/uploads\/2026\/03\/WhatsApp-Video-2026-03-12-at-09.07.27.mp4?_=1\" \/><a href=\"https:\/\/revistaesperanzas.com\/web\/wp-content\/uploads\/2026\/03\/WhatsApp-Video-2026-03-12-at-09.07.27.mp4\">https:\/\/revistaesperanzas.com\/web\/wp-content\/uploads\/2026\/03\/WhatsApp-Video-2026-03-12-at-09.07.27.mp4<\/a><\/video><\/div>\n<p>policial, quedando en resguardo en la citada dependencia a fin de dar con sus propietarios.<\/p>\n","protected":false},"excerpt":{"rendered":"<p>Tras un profesional trabajo, la Polic\u00eda rescato a un can que habr\u00eda ca\u00eddo a un pozo ciego. Efectivos policiales dependientes de la Unidad Especial de Seguridad Rural y Ecol\u00f3gica de Ituzaing\u00f3 rescataron en horas de la ma\u00f1ana DEL 11-03-26 a un perro que hab\u00eda ca\u00eddo en un pozo ciego. El procedimiento, lo concretaron luego de [&hellip;]<\/p>\n","protected":false},"author":4,"featured_media":146698,"comment_status":"closed","ping_status":"closed","sticky":false,"template":"","format":"standard","meta":{"footnotes":""},"categories":[58],"tags":[],"class_list":{"0":"post-146697","1":"post","2":"type-post","3":"status-publish","4":"format-standard","5":"has-post-thumbnail","7":"category-corrientes"},"_links":{"self":[{"href":"https:\/\/revistaesperanzas.com\/web\/wp-json\/wp\/v2\/posts\/146697","targetHints":{"allow":["GET"]}}],"collection":[{"href":"https:\/\/revistaesperanzas.com\/web\/wp-json\/wp\/v2\/posts"}],"about":[{"href":"https:\/\/revistaesperanzas.com\/web\/wp-json\/wp\/v2\/types\/post"}],"author":[{"embeddable":true,"href":"https:\/\/revistaesperanzas.com\/web\/wp-json\/wp\/v2\/users\/4"}],"replies":[{"embeddable":true,"href":"https:\/\/revistaesperanzas.com\/web\/wp-json\/wp\/v2\/comments?post=146697"}],"version-history":[{"count":2,"href":"https:\/\/revistaesperanzas.com\/web\/wp-json\/wp\/v2\/posts\/146697\/revisions"}],"predecessor-version":[{"id":146702,"href":"https:\/\/revistaesperanzas.com\/web\/wp-json\/wp\/v2\/posts\/146697\/revisions\/146702"}],"wp:featuredmedia":[{"embeddable":true,"href":"https:\/\/revistaesperanzas.com\/web\/wp-json\/wp\/v2\/media\/146698"}],"wp:attachment":[{"href":"https:\/\/revistaesperanzas.com\/web\/wp-json\/wp\/v2\/media?parent=146697"}],"wp:term":[{"taxonomy":"category","embeddable":true,"href":"https:\/\/revistaesperanzas.com\/web\/wp-json\/wp\/v2\/categories?post=146697"},{"taxonomy":"post_tag","embeddable":true,"href":"https:\/\/revistaesperanzas.com\/web\/wp-json\/wp\/v2\/tags?post=146697"}],"curies":[{"name":"wp","href":"https:\/\/api.w.org\/{rel}","templated":true}]}}