{"id":146703,"date":"2026-03-12T09:34:35","date_gmt":"2026-03-12T12:34:35","guid":{"rendered":"https:\/\/revistaesperanzas.com\/web\/?p=146703"},"modified":"2026-03-12T09:34:35","modified_gmt":"2026-03-12T12:34:35","slug":"en-nuestra-ciudad-detienen-a-una-persona-de-esquina-que-nos-visitaba-solo-para-robar","status":"publish","type":"post","link":"https:\/\/revistaesperanzas.com\/web\/2026\/03\/en-nuestra-ciudad-detienen-a-una-persona-de-esquina-que-nos-visitaba-solo-para-robar\/","title":{"rendered":"EN NUESTRA CIUDAD DETIENEN A UNA PERSONA DE ESQUINA QUE NOS &#8220;VISITABA&#8221; SOLO PARA ROBAR"},"content":{"rendered":"<p>ESQUINA\u00a0 &#8211;\u00a0 La Polic\u00eda detuvo a un joven presuntamente relacionado a diferentes hechos delictivos.<\/p>\n<p>En la ma\u00f1ana DEL 11-03-26, efectivos policiales dependientes de la Comisaria de Distrito Primera de Esquina lograron la detenci\u00f3n de un joven mayor de edad, quien estar\u00eda presuntamente vinculado a diferentes hechos delictivos registrados en la ciudad de Goya.<a href=\"https:\/\/revistaesperanzas.com\/web\/2026\/03\/area-capital-comisaria-vigesimo-primera-urbana\/whatsapp-image-2026-03-05-at-12-49-36\/\" rel=\"attachment wp-att-146030\"><img loading=\"lazy\" decoding=\"async\" class=\" wp-image-146030 alignleft\" src=\"https:\/\/revistaesperanzas.com\/web\/wp-content\/uploads\/2026\/03\/WhatsApp-Image-2026-03-05-at-12.49.36.jpeg\" alt=\"\" width=\"402\" height=\"275\" srcset=\"https:\/\/revistaesperanzas.com\/web\/wp-content\/uploads\/2026\/03\/WhatsApp-Image-2026-03-05-at-12.49.36.jpeg 600w, https:\/\/revistaesperanzas.com\/web\/wp-content\/uploads\/2026\/03\/WhatsApp-Image-2026-03-05-at-12.49.36-218x150.jpeg 218w\" sizes=\"auto, (max-width: 402px) 100vw, 402px\" \/><\/a><\/p>\n<p>El procedimiento, lo llevaron a cabo luego de un pedido de colaboraci\u00f3n proveniente de la Comisaria de Distrito Quinta de Goya en relaci\u00f3n a la detenci\u00f3n de un joven de 22 a\u00f1os de edad, quien -seg\u00fan las tareas investigativas realizadas- seria el presunto autor de varios hechos delictivos relacionados a Robos y Hurtos; es por ello que los mencionados efectivos lograron localizar al mismo y aprehenderlo, as\u00ed tambi\u00e9n secuestraron dinero en efectivo entre otros elementos relacionados a la causa.<\/p>\n<p>Al respecto, la persona aprehendida fue puesta a disposici\u00f3n de la justicia y trasladado hasta la citada comisaria a fin de continuar con las diligencias del caso.<\/p>\n","protected":false},"excerpt":{"rendered":"<p>ESQUINA\u00a0 &#8211;\u00a0 La Polic\u00eda detuvo a un joven presuntamente relacionado a diferentes hechos delictivos. En la ma\u00f1ana DEL 11-03-26, efectivos policiales dependientes de la Comisaria de Distrito Primera de Esquina lograron la detenci\u00f3n de un joven mayor de edad, quien estar\u00eda presuntamente vinculado a diferentes hechos delictivos registrados en la ciudad de Goya. El procedimiento, [&hellip;]<\/p>\n","protected":false},"author":4,"featured_media":145915,"comment_status":"closed","ping_status":"closed","sticky":false,"template":"","format":"standard","meta":{"footnotes":""},"categories":[58],"tags":[],"class_list":{"0":"post-146703","1":"post","2":"type-post","3":"status-publish","4":"format-standard","5":"has-post-thumbnail","7":"category-corrientes"},"_links":{"self":[{"href":"https:\/\/revistaesperanzas.com\/web\/wp-json\/wp\/v2\/posts\/146703","targetHints":{"allow":["GET"]}}],"collection":[{"href":"https:\/\/revistaesperanzas.com\/web\/wp-json\/wp\/v2\/posts"}],"about":[{"href":"https:\/\/revistaesperanzas.com\/web\/wp-json\/wp\/v2\/types\/post"}],"author":[{"embeddable":true,"href":"https:\/\/revistaesperanzas.com\/web\/wp-json\/wp\/v2\/users\/4"}],"replies":[{"embeddable":true,"href":"https:\/\/revistaesperanzas.com\/web\/wp-json\/wp\/v2\/comments?post=146703"}],"version-history":[{"count":1,"href":"https:\/\/revistaesperanzas.com\/web\/wp-json\/wp\/v2\/posts\/146703\/revisions"}],"predecessor-version":[{"id":146704,"href":"https:\/\/revistaesperanzas.com\/web\/wp-json\/wp\/v2\/posts\/146703\/revisions\/146704"}],"wp:featuredmedia":[{"embeddable":true,"href":"https:\/\/revistaesperanzas.com\/web\/wp-json\/wp\/v2\/media\/145915"}],"wp:attachment":[{"href":"https:\/\/revistaesperanzas.com\/web\/wp-json\/wp\/v2\/media?parent=146703"}],"wp:term":[{"taxonomy":"category","embeddable":true,"href":"https:\/\/revistaesperanzas.com\/web\/wp-json\/wp\/v2\/categories?post=146703"},{"taxonomy":"post_tag","embeddable":true,"href":"https:\/\/revistaesperanzas.com\/web\/wp-json\/wp\/v2\/tags?post=146703"}],"curies":[{"name":"wp","href":"https:\/\/api.w.org\/{rel}","templated":true}]}}