{"id":146705,"date":"2026-03-12T09:38:35","date_gmt":"2026-03-12T12:38:35","guid":{"rendered":"https:\/\/revistaesperanzas.com\/web\/?p=146705"},"modified":"2026-03-12T09:38:35","modified_gmt":"2026-03-12T12:38:35","slug":"siniestro-vial-de-dos-motocicletas-en-bella-vista","status":"publish","type":"post","link":"https:\/\/revistaesperanzas.com\/web\/2026\/03\/siniestro-vial-de-dos-motocicletas-en-bella-vista\/","title":{"rendered":"SINIESTRO VIAL DE DOS MOTOCICLETAS EN BELLA VISTA"},"content":{"rendered":"<p>BELLA VISTA\u00a0 &#8211;\u00a0 Siniestro vial con lesiones graves<\/p>\n<p>En horas de la ma\u00f1ana DEL 11-03-26, efectivos policiales dependientes de la Comisaria de Distrito Segunda de Bella Vista, tomaron conocimiento que por Calles Chacabuco y Roca se habr\u00eda registrado un siniestro vial, en el cual por causas y circunstancias que se tratan de establecer colisionaron dos motocicletas.<\/p>\n<p>Seg\u00fan la informaci\u00f3n inicial obtenida, el hecho se habr\u00eda registrado alrededor de las 08:15 horas y tuvo como protagonistas a dos motocicletas; una -marca Honda Wave de 110cc- conducida por un joven mayor de edad -de apellido S\u00e1nchez- y otra -marca Scooter de 75cc- guiada por una mujer de apellido Humerez.<\/p>\n<p>A consecuencia del siniestro, la mujer fue trasladada hasta el Hospital Escuela de nuestra ciudad capital, donde informaron que posee lesiones de car\u00e1cter graves.<\/p>\n<p>Al respecto, en la citada comisar\u00eda se llevan a cabo las diligencias del caso, con intervenci\u00f3n de la Unidad fiscal<\/p>\n","protected":false},"excerpt":{"rendered":"<p>BELLA VISTA\u00a0 &#8211;\u00a0 Siniestro vial con lesiones graves En horas de la ma\u00f1ana DEL 11-03-26, efectivos policiales dependientes de la Comisaria de Distrito Segunda de Bella Vista, tomaron conocimiento que por Calles Chacabuco y Roca se habr\u00eda registrado un siniestro vial, en el cual por causas y circunstancias que se tratan de establecer colisionaron dos [&hellip;]<\/p>\n","protected":false},"author":4,"featured_media":146706,"comment_status":"closed","ping_status":"closed","sticky":false,"template":"","format":"standard","meta":{"footnotes":""},"categories":[58],"tags":[],"class_list":{"0":"post-146705","1":"post","2":"type-post","3":"status-publish","4":"format-standard","5":"has-post-thumbnail","7":"category-corrientes"},"_links":{"self":[{"href":"https:\/\/revistaesperanzas.com\/web\/wp-json\/wp\/v2\/posts\/146705","targetHints":{"allow":["GET"]}}],"collection":[{"href":"https:\/\/revistaesperanzas.com\/web\/wp-json\/wp\/v2\/posts"}],"about":[{"href":"https:\/\/revistaesperanzas.com\/web\/wp-json\/wp\/v2\/types\/post"}],"author":[{"embeddable":true,"href":"https:\/\/revistaesperanzas.com\/web\/wp-json\/wp\/v2\/users\/4"}],"replies":[{"embeddable":true,"href":"https:\/\/revistaesperanzas.com\/web\/wp-json\/wp\/v2\/comments?post=146705"}],"version-history":[{"count":1,"href":"https:\/\/revistaesperanzas.com\/web\/wp-json\/wp\/v2\/posts\/146705\/revisions"}],"predecessor-version":[{"id":146707,"href":"https:\/\/revistaesperanzas.com\/web\/wp-json\/wp\/v2\/posts\/146705\/revisions\/146707"}],"wp:featuredmedia":[{"embeddable":true,"href":"https:\/\/revistaesperanzas.com\/web\/wp-json\/wp\/v2\/media\/146706"}],"wp:attachment":[{"href":"https:\/\/revistaesperanzas.com\/web\/wp-json\/wp\/v2\/media?parent=146705"}],"wp:term":[{"taxonomy":"category","embeddable":true,"href":"https:\/\/revistaesperanzas.com\/web\/wp-json\/wp\/v2\/categories?post=146705"},{"taxonomy":"post_tag","embeddable":true,"href":"https:\/\/revistaesperanzas.com\/web\/wp-json\/wp\/v2\/tags?post=146705"}],"curies":[{"name":"wp","href":"https:\/\/api.w.org\/{rel}","templated":true}]}}