{"id":146721,"date":"2026-03-12T19:57:54","date_gmt":"2026-03-12T22:57:54","guid":{"rendered":"https:\/\/revistaesperanzas.com\/web\/?p=146721"},"modified":"2026-03-12T19:57:54","modified_gmt":"2026-03-12T22:57:54","slug":"reconocer-a-quienes-hacen-grande-a-goya-el-municipio-prepara-un-homenaje-a-mujeres-destacadas-de-la-comunidad","status":"publish","type":"post","link":"https:\/\/revistaesperanzas.com\/web\/2026\/03\/reconocer-a-quienes-hacen-grande-a-goya-el-municipio-prepara-un-homenaje-a-mujeres-destacadas-de-la-comunidad\/","title":{"rendered":"RECONOCER A QUIENES HACEN GRANDE A GOYA: EL MUNICIPIO PREPARA UN HOMENAJE A MUJERES DESTACADAS DE LA COMUNIDAD"},"content":{"rendered":"<p style=\"font-weight: 400;\">El intendente de la Municipalidad de Goya mantuvo una reuni\u00f3n de trabajo junto a funcionarias y mujeres concejales con el objetivo de avanzar en la organizaci\u00f3n de una actividad especial destinada a reconocer a \u201cmujeres que inspiran\u201d, desde distintos \u00e1mbitos de la sociedad, contribuyen al desarrollo y crecimiento de la comunidad.<\/p>\n<p style=\"font-weight: 400;\">Durante el encuentro se definieron detalles de la iniciativa que busca poner en valor el compromiso, la dedicaci\u00f3n y el aporte cotidiano de mujeres que, con su labor en diferentes<a href=\"https:\/\/revistaesperanzas.com\/web\/2026\/03\/reconocer-a-quienes-hacen-grande-a-goya-el-municipio-prepara-un-homenaje-a-mujeres-destacadas-de-la-comunidad\/reunion-organizativa-2-2\/\" rel=\"attachment wp-att-146723\"><img loading=\"lazy\" decoding=\"async\" class=\" wp-image-146723 alignleft\" src=\"https:\/\/revistaesperanzas.com\/web\/wp-content\/uploads\/2026\/03\/reunion-organizativa-2.jpeg\" alt=\"\" width=\"700\" height=\"463\" \/><\/a> espacios sociales, culturales, educativos y comunitarios, fortalecen el tejido social de la ciudad.<\/p>\n<p style=\"font-weight: 400;\">La actividad de reconocimiento se realizar\u00e1 el pr\u00f3ximo lunes 16 a las 10 horas en el patio de la Municipalidad de Goya, donde se llevar\u00e1 adelante un acto en el que se destacar\u00e1 p\u00fablicamente la tarea de estas mujeres que, con su trabajo diario, ayudan a construir una ciudad m\u00e1s solidaria y participativa.<\/p>\n<p style=\"font-weight: 400;\">\u201cReconocer su trabajo tambi\u00e9n es construir comunidad\u201d, destac\u00f3 el jefe comunal de Goya doctor Mariano Hormaechea.<\/p>\n","protected":false},"excerpt":{"rendered":"<p>El intendente de la Municipalidad de Goya mantuvo una reuni\u00f3n de trabajo junto a funcionarias y mujeres concejales con el objetivo de avanzar en la organizaci\u00f3n de una actividad especial destinada a reconocer a \u201cmujeres que inspiran\u201d, desde distintos \u00e1mbitos de la sociedad, contribuyen al desarrollo y crecimiento de la comunidad. Durante el encuentro se [&hellip;]<\/p>\n","protected":false},"author":4,"featured_media":146722,"comment_status":"closed","ping_status":"closed","sticky":false,"template":"","format":"standard","meta":{"footnotes":""},"categories":[45],"tags":[],"class_list":{"0":"post-146721","1":"post","2":"type-post","3":"status-publish","4":"format-standard","5":"has-post-thumbnail","7":"category-locales"},"_links":{"self":[{"href":"https:\/\/revistaesperanzas.com\/web\/wp-json\/wp\/v2\/posts\/146721","targetHints":{"allow":["GET"]}}],"collection":[{"href":"https:\/\/revistaesperanzas.com\/web\/wp-json\/wp\/v2\/posts"}],"about":[{"href":"https:\/\/revistaesperanzas.com\/web\/wp-json\/wp\/v2\/types\/post"}],"author":[{"embeddable":true,"href":"https:\/\/revistaesperanzas.com\/web\/wp-json\/wp\/v2\/users\/4"}],"replies":[{"embeddable":true,"href":"https:\/\/revistaesperanzas.com\/web\/wp-json\/wp\/v2\/comments?post=146721"}],"version-history":[{"count":2,"href":"https:\/\/revistaesperanzas.com\/web\/wp-json\/wp\/v2\/posts\/146721\/revisions"}],"predecessor-version":[{"id":146725,"href":"https:\/\/revistaesperanzas.com\/web\/wp-json\/wp\/v2\/posts\/146721\/revisions\/146725"}],"wp:featuredmedia":[{"embeddable":true,"href":"https:\/\/revistaesperanzas.com\/web\/wp-json\/wp\/v2\/media\/146722"}],"wp:attachment":[{"href":"https:\/\/revistaesperanzas.com\/web\/wp-json\/wp\/v2\/media?parent=146721"}],"wp:term":[{"taxonomy":"category","embeddable":true,"href":"https:\/\/revistaesperanzas.com\/web\/wp-json\/wp\/v2\/categories?post=146721"},{"taxonomy":"post_tag","embeddable":true,"href":"https:\/\/revistaesperanzas.com\/web\/wp-json\/wp\/v2\/tags?post=146721"}],"curies":[{"name":"wp","href":"https:\/\/api.w.org\/{rel}","templated":true}]}}