{"id":146726,"date":"2026-03-12T20:03:26","date_gmt":"2026-03-12T23:03:26","guid":{"rendered":"https:\/\/revistaesperanzas.com\/web\/?p=146726"},"modified":"2026-03-12T20:03:27","modified_gmt":"2026-03-12T23:03:27","slug":"goya-apuesta-al-ecoturismo-ysoro-un-diamante-a-pulir","status":"publish","type":"post","link":"https:\/\/revistaesperanzas.com\/web\/2026\/03\/goya-apuesta-al-ecoturismo-ysoro-un-diamante-a-pulir\/","title":{"rendered":"GOYA APUESTA AL ECOTURISMO: YSOR\u00d3, UN &#8220;DIAMANTE&#8221; A PULIR"},"content":{"rendered":"<p style=\"font-weight: 400;\">En una entrevista reciente realizada en Radio Ciudad, el secretario de Turismo de Goya Sebasti\u00e1n Candia De Biasio dio su visi\u00f3n sobre el futuro de la reserva Ysor\u00f3, destacando su potencial para transformar la econom\u00eda tur\u00edstica de la ciudad. Describi\u00f3 a la Reserva como un &#8220;diamante&#8221; y destac\u00f3 la importancia de trabajar en conjunto con el Ministerio de Turismo y un equipo t\u00e9cnico especializado para &#8220;levantar ese diamante, pulirlo y que empiece a brillar&#8221;.<a href=\"https:\/\/revistaesperanzas.com\/web\/2026\/03\/goya-apuesta-al-ecoturismo-ysoro-un-diamante-a-pulir\/ecoturismo-ysoro-ilustracion-entrevista-a-sebastian-candia-2\/\" rel=\"attachment wp-att-146728\"><img loading=\"lazy\" decoding=\"async\" class=\" wp-image-146728 alignleft\" src=\"https:\/\/revistaesperanzas.com\/web\/wp-content\/uploads\/2026\/03\/ecoturismo-Ysoro-ilustracion-entrevista-a-Sebastian-Candia-2.jpg\" alt=\"\" width=\"701\" height=\"467\" \/><\/a><\/p>\n<p style=\"font-weight: 400;\">LA RESERVA UN PLAN A LARGO PLAZO<\/p>\n<p style=\"font-weight: 400;\">El secretario de Turismo reconoci\u00f3 que el inicio del proyecto fue lo m\u00e1s desafiante, pero ahora se vislumbra un camino m\u00e1s claro. &#8220;Se justific\u00f3, se ha convencido a las personas que hab\u00eda que convencer para que esto ocurra&#8221;, sostuvo, y agreg\u00f3 que es necesario capitalizar este momento con un plan a largo plazo, que trascienda administraciones municipales, que sea una pol\u00edtica p\u00fablica y genere un impacto duradero en la regi\u00f3n. Candia De Biasio propone una &#8220;mirada de 20 a\u00f1os en adelante&#8221; para lograr una transformaci\u00f3n significativa del Ysoro en una realidad tur\u00edstica para Goya.<a href=\"https:\/\/revistaesperanzas.com\/web\/2026\/03\/goya-apuesta-al-ecoturismo-ysoro-un-diamante-a-pulir\/ecoturismo-ysoro-ilustracion-entrevista-a-sebastian-candia-4\/\" rel=\"attachment wp-att-146729\"><img loading=\"lazy\" decoding=\"async\" class=\" wp-image-146729 alignleft\" src=\"https:\/\/revistaesperanzas.com\/web\/wp-content\/uploads\/2026\/03\/ecoturismo-Ysoro-ilustracion-entrevista-a-Sebastian-Candia-4.jpg\" alt=\"\" width=\"698\" height=\"465\" \/><\/a><\/p>\n<p style=\"font-weight: 400;\">LA PROPUESTA A FUTURO, EL ECOTURISMO<\/p>\n<p style=\"font-weight: 400;\">Si bien Goya ya capitaliza el ecoturismo, el profesional del \u00e1rea Turismo considera que existe un potencial a\u00fan mayor por explotar. En ese sentido, extendi\u00f3 una invitaci\u00f3n al sector privado para que se involucre activamente, aprovechando este &#8220;recurso de todos para beneficio de la econom\u00eda local y de su econom\u00eda&#8221;. El municipio, por su parte, se compromete a brindar apoyo a trav\u00e9s de acciones concretas, como capacitaciones, acompa\u00f1amiento t\u00e9cnico y otras gestiones.<a href=\"https:\/\/revistaesperanzas.com\/web\/2026\/03\/goya-apuesta-al-ecoturismo-ysoro-un-diamante-a-pulir\/ecoturismo-ysoro-ilustracion-entrevista-a-sebastian-candia-5\/\" rel=\"attachment wp-att-146730\"><img loading=\"lazy\" decoding=\"async\" class=\" wp-image-146730 alignleft\" src=\"https:\/\/revistaesperanzas.com\/web\/wp-content\/uploads\/2026\/03\/ecoturismo-Ysoro-ilustracion-entrevista-a-Sebastian-Candia-5.jpg\" alt=\"\" width=\"693\" height=\"462\" \/><\/a><\/p>\n<p style=\"font-weight: 400;\">Sebasti\u00e1n Candia De Biasio alent\u00f3 a aquellos que a\u00fan dudan a apostar por el ecoturismo, asegurando que el\u00a0Ysor\u00f3 justificar\u00e1 la inversi\u00f3n en pocos a\u00f1os. Destac\u00f3 la ventaja de contar con la experiencia del plan maestro del Iber\u00e1 y el reconocimiento mundial de este destino, lo que posiciona a nuestra Reserva como una alternativa accesible y complementaria. &#8220;Tener una alternativa, como dec\u00eda el ministro de Turismo de la provincia,<a href=\"https:\/\/revistaesperanzas.com\/web\/2026\/03\/goya-apuesta-al-ecoturismo-ysoro-un-diamante-a-pulir\/ecoturismo-ysoro-ilustracion-entrevista-a-sebastian-candia-3\/\" rel=\"attachment wp-att-146732\"><img loading=\"lazy\" decoding=\"async\" class=\" wp-image-146732 alignleft\" src=\"https:\/\/revistaesperanzas.com\/web\/wp-content\/uploads\/2026\/03\/ecoturismo-Ysoro-ilustracion-entrevista-a-Sebastian-Candia-3.jpg\" alt=\"\" width=\"689\" height=\"459\" \/><\/a> tan accesible al lado de una ciudad como Goya, con todos los servicios y lo que necesita el turista para disfrutar\u201d, es un privilegio. En ese sentido, \u201ctenemos mucho potencial,&#8221; expres\u00f3 finalmente el funcionario.<\/p>\n","protected":false},"excerpt":{"rendered":"<p>En una entrevista reciente realizada en Radio Ciudad, el secretario de Turismo de Goya Sebasti\u00e1n Candia De Biasio dio su visi\u00f3n sobre el futuro de la reserva Ysor\u00f3, destacando su potencial para transformar la econom\u00eda tur\u00edstica de la ciudad. Describi\u00f3 a la Reserva como un &#8220;diamante&#8221; y destac\u00f3 la importancia de trabajar en conjunto con [&hellip;]<\/p>\n","protected":false},"author":4,"featured_media":146727,"comment_status":"closed","ping_status":"closed","sticky":false,"template":"","format":"standard","meta":{"footnotes":""},"categories":[45],"tags":[],"class_list":{"0":"post-146726","1":"post","2":"type-post","3":"status-publish","4":"format-standard","5":"has-post-thumbnail","7":"category-locales"},"_links":{"self":[{"href":"https:\/\/revistaesperanzas.com\/web\/wp-json\/wp\/v2\/posts\/146726","targetHints":{"allow":["GET"]}}],"collection":[{"href":"https:\/\/revistaesperanzas.com\/web\/wp-json\/wp\/v2\/posts"}],"about":[{"href":"https:\/\/revistaesperanzas.com\/web\/wp-json\/wp\/v2\/types\/post"}],"author":[{"embeddable":true,"href":"https:\/\/revistaesperanzas.com\/web\/wp-json\/wp\/v2\/users\/4"}],"replies":[{"embeddable":true,"href":"https:\/\/revistaesperanzas.com\/web\/wp-json\/wp\/v2\/comments?post=146726"}],"version-history":[{"count":2,"href":"https:\/\/revistaesperanzas.com\/web\/wp-json\/wp\/v2\/posts\/146726\/revisions"}],"predecessor-version":[{"id":146734,"href":"https:\/\/revistaesperanzas.com\/web\/wp-json\/wp\/v2\/posts\/146726\/revisions\/146734"}],"wp:featuredmedia":[{"embeddable":true,"href":"https:\/\/revistaesperanzas.com\/web\/wp-json\/wp\/v2\/media\/146727"}],"wp:attachment":[{"href":"https:\/\/revistaesperanzas.com\/web\/wp-json\/wp\/v2\/media?parent=146726"}],"wp:term":[{"taxonomy":"category","embeddable":true,"href":"https:\/\/revistaesperanzas.com\/web\/wp-json\/wp\/v2\/categories?post=146726"},{"taxonomy":"post_tag","embeddable":true,"href":"https:\/\/revistaesperanzas.com\/web\/wp-json\/wp\/v2\/tags?post=146726"}],"curies":[{"name":"wp","href":"https:\/\/api.w.org\/{rel}","templated":true}]}}