{"id":146735,"date":"2026-03-12T20:04:40","date_gmt":"2026-03-12T23:04:40","guid":{"rendered":"https:\/\/revistaesperanzas.com\/web\/?p=146735"},"modified":"2026-03-12T20:04:40","modified_gmt":"2026-03-12T23:04:40","slug":"secretario-de-turismo-apuesta-por-una-fiesta-del-surubi-sustentable","status":"publish","type":"post","link":"https:\/\/revistaesperanzas.com\/web\/2026\/03\/secretario-de-turismo-apuesta-por-una-fiesta-del-surubi-sustentable\/","title":{"rendered":"SECRETARIO DE TURISMO APUESTA POR UNA FIESTA DEL SURUB\u00cd \u201cSUSTENTABLE\u201d"},"content":{"rendered":"<p style=\"font-weight: 400;\">El secretario de Turismo, Sebasti\u00e1n Candia De Biasio, abord\u00f3 los desaf\u00edos econ\u00f3micos que enfrenta la organizaci\u00f3n de la pr\u00f3xima Fiesta Nacional del Surub\u00ed, asegurando que se realizar\u00e1 un &#8220;esfuerzo enorme&#8221; para llevar adelante un evento de calidad sin comprometer las finanzas de la ciudad.<\/p>\n<p style=\"font-weight: 400;\">En una entrevista,\u00a0Candia reconoci\u00f3 el impacto de la situaci\u00f3n econ\u00f3mica actual a nivel nacional, pero reafirm\u00f3 el compromiso de la gesti\u00f3n municipal con la realizaci\u00f3n de la Fiesta Nacional del Surub\u00ed. &#8220;Para la Fiesta del Surub\u00ed tenemos la iniciativa y la intenci\u00f3n, ojal\u00e1 que sea sustentable por primera vez. Vamos a trabajar en eso; est\u00e1 Bucky Gonz\u00e1lez Vilas y toda la comisi\u00f3n comprometida&#8221;, expres\u00f3.<\/p>\n<p style=\"font-weight: 400;\">DESAF\u00cdO PARA LA 49\u00aa FNS<\/p>\n<p style=\"font-weight: 400;\">El secretario enfatiz\u00f3 que el principal desaf\u00edo ser\u00e1 equilibrar la inversi\u00f3n necesaria con la sostenibilidad econ\u00f3mica del evento. &#8220;Vamos a trabajar para que la fiesta no dependa de la erogaci\u00f3n de dinero por parte de la municipalidad y la provincia, ese ser\u00e1 el desaf\u00edo&#8221;, se\u00f1al\u00f3. En este sentido, adelant\u00f3 que se adoptar\u00e1n medidas de austeridad y se priorizar\u00e1 la contrataci\u00f3n de espect\u00e1culos de calidad, pero sin incurrir en gastos excesivos. &#8220;Ojal\u00e1 podamos lograrlo, ser conscientes y conservadores a la hora de contratar, ya que eso es lo que m\u00e1s mueve el aparato econ\u00f3mico. Siempre respetando la calidad del show, pero sin hipotecar la ciudad con un evento&#8221;, sentenci\u00f3.<\/p>\n<p style=\"font-weight: 400;\">Sebasti\u00e1n Candia asegur\u00f3 que este enfoque se aplicar\u00e1 a todos los eventos de la ciudad, adapt\u00e1ndose a la realidad econ\u00f3mica actual. Conf\u00eda en el apoyo del intendente Mariano Hormaechea y su equipo econ\u00f3mico para superar \u201cestos momentos dif\u00edciles que atravesamos&#8221;. \u201cEl intendente y su equipo econ\u00f3mico podr\u00e1n ayudarnos a salir adelante&#8221;, determin\u00f3 el funcionario en declaraciones a Radio Ciudad.<\/p>\n","protected":false},"excerpt":{"rendered":"<p>El secretario de Turismo, Sebasti\u00e1n Candia De Biasio, abord\u00f3 los desaf\u00edos econ\u00f3micos que enfrenta la organizaci\u00f3n de la pr\u00f3xima Fiesta Nacional del Surub\u00ed, asegurando que se realizar\u00e1 un &#8220;esfuerzo enorme&#8221; para llevar adelante un evento de calidad sin comprometer las finanzas de la ciudad. En una entrevista,\u00a0Candia reconoci\u00f3 el impacto de la situaci\u00f3n econ\u00f3mica actual [&hellip;]<\/p>\n","protected":false},"author":4,"featured_media":146736,"comment_status":"closed","ping_status":"closed","sticky":false,"template":"","format":"standard","meta":{"footnotes":""},"categories":[45],"tags":[],"class_list":{"0":"post-146735","1":"post","2":"type-post","3":"status-publish","4":"format-standard","5":"has-post-thumbnail","7":"category-locales"},"_links":{"self":[{"href":"https:\/\/revistaesperanzas.com\/web\/wp-json\/wp\/v2\/posts\/146735","targetHints":{"allow":["GET"]}}],"collection":[{"href":"https:\/\/revistaesperanzas.com\/web\/wp-json\/wp\/v2\/posts"}],"about":[{"href":"https:\/\/revistaesperanzas.com\/web\/wp-json\/wp\/v2\/types\/post"}],"author":[{"embeddable":true,"href":"https:\/\/revistaesperanzas.com\/web\/wp-json\/wp\/v2\/users\/4"}],"replies":[{"embeddable":true,"href":"https:\/\/revistaesperanzas.com\/web\/wp-json\/wp\/v2\/comments?post=146735"}],"version-history":[{"count":1,"href":"https:\/\/revistaesperanzas.com\/web\/wp-json\/wp\/v2\/posts\/146735\/revisions"}],"predecessor-version":[{"id":146737,"href":"https:\/\/revistaesperanzas.com\/web\/wp-json\/wp\/v2\/posts\/146735\/revisions\/146737"}],"wp:featuredmedia":[{"embeddable":true,"href":"https:\/\/revistaesperanzas.com\/web\/wp-json\/wp\/v2\/media\/146736"}],"wp:attachment":[{"href":"https:\/\/revistaesperanzas.com\/web\/wp-json\/wp\/v2\/media?parent=146735"}],"wp:term":[{"taxonomy":"category","embeddable":true,"href":"https:\/\/revistaesperanzas.com\/web\/wp-json\/wp\/v2\/categories?post=146735"},{"taxonomy":"post_tag","embeddable":true,"href":"https:\/\/revistaesperanzas.com\/web\/wp-json\/wp\/v2\/tags?post=146735"}],"curies":[{"name":"wp","href":"https:\/\/api.w.org\/{rel}","templated":true}]}}