{"id":146738,"date":"2026-03-12T20:07:04","date_gmt":"2026-03-12T23:07:04","guid":{"rendered":"https:\/\/revistaesperanzas.com\/web\/?p=146738"},"modified":"2026-03-12T20:07:04","modified_gmt":"2026-03-12T23:07:04","slug":"diputado-vernengo-recuerda-a-alfonsin-en-el-dia-del-militante-radical-seguimos-con-su-legado-de-democracia-y-servicio","status":"publish","type":"post","link":"https:\/\/revistaesperanzas.com\/web\/2026\/03\/diputado-vernengo-recuerda-a-alfonsin-en-el-dia-del-militante-radical-seguimos-con-su-legado-de-democracia-y-servicio\/","title":{"rendered":"DIPUTADO VERNENGO RECUERDA A ALFONS\u00cdN EN EL D\u00cdA DEL MILITANTE RADICAL: \u201cSEGUIMOS CON SU LEGADO DE DEMOCRACIA Y SERVICIO\u201d"},"content":{"rendered":"<p style=\"font-weight: 400;\">En el marco del D\u00eda del Militante Radical, que se celebra cada 12 de marzo en Argentina en homenaje a Ra\u00fal Alfons\u00edn, el referente de la Uni\u00f3n C\u00edvica Radical (UCR), Jes\u00fas M\u00e9ndez Vernengo, reflexion\u00f3 sobre la importancia de esta fecha y el legado del \u201cPadre de la Democracia\u201d.<\/p>\n<p style=\"font-weight: 400;\">LOS LIBROS ME MARCARON EL ESTILO DEL \u201cPADRE DE LA DEMOCRACIA\u201d<\/p>\n<p style=\"font-weight: 400;\">Jes\u00fas M\u00e9ndez Vernengo record\u00f3 su infancia y la influencia que tuvo en \u00e9l la figura de Ra\u00fal Alfons\u00edn y dijo: \u201cYo era chico cuando vino Alfons\u00edn al club Uni\u00f3n, pero despu\u00e9s, mediante la tecnolog\u00eda, los videos, los libros que he le\u00eddo de las distintas editoriales me marcaron. Luego, uno, mama de la pol\u00edtica desde chico, como en mi caso, es as\u00ed: un d\u00eda importante y de reflexi\u00f3n para nosotros, los radicales.\u201d<a href=\"https:\/\/revistaesperanzas.com\/web\/2026\/03\/diputado-vernengo-recuerda-a-alfonsin-en-el-dia-del-militante-radical-seguimos-con-su-legado-de-democracia-y-servicio\/dia-del-militante-radical-ilustracion-diputado-jesus-mendez-vernengo-2\/\" rel=\"attachment wp-att-146740\"><img loading=\"lazy\" decoding=\"async\" class=\" wp-image-146740 alignleft\" src=\"https:\/\/revistaesperanzas.com\/web\/wp-content\/uploads\/2026\/03\/dia-del-Militante-Radical-ilustracion-Diputado-Jesus-Mendez-Vernengo-2.jpg\" alt=\"\" width=\"698\" height=\"464\" \/><\/a><\/p>\n<p style=\"font-weight: 400;\">SER MILITANTE PARA ESTAR EL SERVICIO DE LA COMUNIDAD<\/p>\n<p style=\"font-weight: 400;\">\u201cHoy circunstancialmente ocupamos un cargo, pero nunca dejamos de ser militantes. La pol\u00edtica, como estilo de vida, es servir y estar en contacto con la gente, -acot\u00f3 el Legislador Provincial-\u00a0 siendo lo m\u00e1s sincero posible, respetuoso, pero tambi\u00e9n teniendo en cuenta ideas y convicciones de nuestro partido, doctrina que se va aggiornando a los tiempos, pero sin dejar de lado las ideas y doctrinas de nuestro radicalismo, ya sea el nacional o el de Corrientes, que tienen sus diferentes matices porque son diferentes contextos, sociedades y realidades\u201d.<\/p>\n<p style=\"font-weight: 400;\">EL LEGADO DE ALFONS\u00cdN<\/p>\n<p style=\"font-weight: 400;\">El diputado provincial destac\u00f3 los logros y los desaf\u00edos de la gesti\u00f3n de Alfons\u00edn. \u201cPodemos determinar muchas cuestiones de lo que fue la presidencia de Ra\u00fal Alfons\u00edn, cosas buenas y malas. El juicio a las juntas, la CONADEP, la cuesti\u00f3n de los derechos humanos, fueron importantes y quedaron marcadas en nuestro pa\u00eds como un antes y un despu\u00e9s. Claro que tambi\u00e9n hubo errores, pero hay que entender el contexto. Nac\u00ed en el 88, pero el contexto del doctor Alfons\u00edn en ese momento era de dictadura permanente, y eso llev\u00f3 a que muchas situaciones pasaran y que los argentinos las pas\u00e1ramos mal. Destacamos la institucionalidad que implement\u00f3 Alfons\u00edn, que hoy lo vemos en los libros de historia, lo recordamos, pero dej\u00f3 la democracia para siempre en nuestro pa\u00eds. Eso es muy importante. No solo lo fue \u00e9l, sino muchos actores de la sociedad y muchos posteriores, pero la idea es seguir afianzando que la democracia sea cada vez m\u00e1s transparente, que el sistema democr\u00e1tico de nuestro pa\u00eds, la Rep\u00fablica, siga siendo la base\u201d.<\/p>\n<p style=\"font-weight: 400;\">L\u00cdDER DE LA DEMOCRACIA DE AM\u00c9RICA LATINA<\/p>\n<p style=\"font-weight: 400;\">En relaci\u00f3n a la pol\u00edtica internacional, Vernengo record\u00f3 que \u201cen su momento, en el contexto del Mercosur, hab\u00eda muchas dictaduras en pa\u00edses cercanos a nuestro pa\u00eds, pero los que aprendimos la pol\u00edtica desde chicos, entendemos el h\u00e1bito de servir, de estar, de escuchar. Alfons\u00edn fue una gu\u00eda y sigue si\u00e9ndolo, pero sin duda lo tenemos presente como radical\u201d.<\/p>\n<p style=\"font-weight: 400;\">RESPETO A LA CONSTITUCI\u00d3N<\/p>\n<p style=\"font-weight: 400;\">El legislador tambi\u00e9n resalt\u00f3 el compromiso de Alfons\u00edn con la Constituci\u00f3n. \u201cEst\u00e1 el contexto, no solo de la dictadura, sino tambi\u00e9n del contexto pol\u00edtico y econ\u00f3mico, y Alfons\u00edn siempre prioriz\u00f3 el respeto a la Constituci\u00f3n. Dej\u00f3 su gobierno seis meses antes, para que no peligre la democracia en nuestro pa\u00eds. La democracia con la que se come, educa y cura, como argentinos, tenemos ese legado y ese objetivo. Por eso, todos los d\u00edas me levanto tratando de ser buena persona y de hacer algo por la gente. Uno est\u00e1 en pol\u00edtica porque quiere, no porque est\u00e9 obligado. Nosotros elegimos el estilo de vida de la pol\u00edtica, el acto de servir\u201d.<\/p>\n<p style=\"font-weight: 400;\">LA REP\u00daBLICA<\/p>\n<p style=\"font-weight: 400;\">Vernengo record\u00f3 que en los a\u00f1os 80 y 90 \u201cse respetaba mucho la instituci\u00f3n, la Rep\u00fablica. El respeto era otro. Era otro momento, otra sociedad. Pero, sobre todo, Alfons\u00edn dej\u00f3 el legado de la democracia para siempre. No hab\u00eda otra idea, ni corto ni mediano plazo, sino seguir con ese legado, que vivimos hoy gracias a \u00e9l y a otras personas m\u00e1s\u201d.<\/p>\n<p style=\"font-weight: 400;\">SERVIR, AYUDAR A LOS OTROS<\/p>\n<p style=\"font-weight: 400;\">En el final de la entrevista al ser consultado sobre cu\u00e1l ser\u00eda el mejor homenaje que los radicales pueden y deben hacer en el d\u00eda en que Alfons\u00edn cumplir\u00eda 99 a\u00f1os, respondi\u00f3: \u201cLevantarnos todos los d\u00edas pensando en servir, ayudar, hacer las cosas bien, con honestidad y respeto hacia la otra persona\u201d.<\/p>\n","protected":false},"excerpt":{"rendered":"<p>En el marco del D\u00eda del Militante Radical, que se celebra cada 12 de marzo en Argentina en homenaje a Ra\u00fal Alfons\u00edn, el referente de la Uni\u00f3n C\u00edvica Radical (UCR), Jes\u00fas M\u00e9ndez Vernengo, reflexion\u00f3 sobre la importancia de esta fecha y el legado del \u201cPadre de la Democracia\u201d. LOS LIBROS ME MARCARON EL ESTILO DEL [&hellip;]<\/p>\n","protected":false},"author":4,"featured_media":146739,"comment_status":"closed","ping_status":"closed","sticky":false,"template":"","format":"standard","meta":{"footnotes":""},"categories":[45],"tags":[],"class_list":{"0":"post-146738","1":"post","2":"type-post","3":"status-publish","4":"format-standard","5":"has-post-thumbnail","7":"category-locales"},"_links":{"self":[{"href":"https:\/\/revistaesperanzas.com\/web\/wp-json\/wp\/v2\/posts\/146738","targetHints":{"allow":["GET"]}}],"collection":[{"href":"https:\/\/revistaesperanzas.com\/web\/wp-json\/wp\/v2\/posts"}],"about":[{"href":"https:\/\/revistaesperanzas.com\/web\/wp-json\/wp\/v2\/types\/post"}],"author":[{"embeddable":true,"href":"https:\/\/revistaesperanzas.com\/web\/wp-json\/wp\/v2\/users\/4"}],"replies":[{"embeddable":true,"href":"https:\/\/revistaesperanzas.com\/web\/wp-json\/wp\/v2\/comments?post=146738"}],"version-history":[{"count":2,"href":"https:\/\/revistaesperanzas.com\/web\/wp-json\/wp\/v2\/posts\/146738\/revisions"}],"predecessor-version":[{"id":146742,"href":"https:\/\/revistaesperanzas.com\/web\/wp-json\/wp\/v2\/posts\/146738\/revisions\/146742"}],"wp:featuredmedia":[{"embeddable":true,"href":"https:\/\/revistaesperanzas.com\/web\/wp-json\/wp\/v2\/media\/146739"}],"wp:attachment":[{"href":"https:\/\/revistaesperanzas.com\/web\/wp-json\/wp\/v2\/media?parent=146738"}],"wp:term":[{"taxonomy":"category","embeddable":true,"href":"https:\/\/revistaesperanzas.com\/web\/wp-json\/wp\/v2\/categories?post=146738"},{"taxonomy":"post_tag","embeddable":true,"href":"https:\/\/revistaesperanzas.com\/web\/wp-json\/wp\/v2\/tags?post=146738"}],"curies":[{"name":"wp","href":"https:\/\/api.w.org\/{rel}","templated":true}]}}