{"id":146746,"date":"2026-03-12T20:10:15","date_gmt":"2026-03-12T23:10:15","guid":{"rendered":"https:\/\/revistaesperanzas.com\/web\/?p=146746"},"modified":"2026-03-12T20:10:15","modified_gmt":"2026-03-12T23:10:15","slug":"sebastian-candia-de-biasio-destaca-coronacion-inedita-de-dos-reyes-y-dos-reinas-del-carnaval-de-goya","status":"publish","type":"post","link":"https:\/\/revistaesperanzas.com\/web\/2026\/03\/sebastian-candia-de-biasio-destaca-coronacion-inedita-de-dos-reyes-y-dos-reinas-del-carnaval-de-goya\/","title":{"rendered":"SEBASTI\u00c1N CANDIA DE BIASIO DESTACA CORONACI\u00d3N IN\u00c9DITA DE DOS REYES Y DOS REINAS DEL CARNAVAL DE GOYA"},"content":{"rendered":"<p style=\"font-weight: 400;\">\u201cVivimos un momento especial&#8221;:<\/p>\n<p style=\"font-weight: 400;\">La coronaci\u00f3n de dos reyes y reinas marc\u00f3 un hito en la historia del carnaval goyano.\u00a0La ceremonia celebrada en el hall del edificio municipal el d\u00eda de ayer se distingui\u00f3 por la presentaci\u00f3n de r\u00e9plicas de los atributos reales, una creaci\u00f3n de Leonardo Ram\u00edrez Boll. El secretario de Turismo de la Municipalidad de Goya, Sebasti\u00e1n Candia De Biasio, sostuvo que no se realiz\u00f3 la coronaci\u00f3n en el cors\u00f3dromo porque en su momento consideraron que no era oportuno improvisar con cualquier corona. &#8220;Tenemos cuatro representantes, lo cual ser\u00e1 positivo para el carnaval. Vamos a tratar de incluirlos en todos los eventos en los que puedan representarnos&#8221;, anticip\u00f3.<\/p>\n<p style=\"font-weight: 400;\">Adem\u00e1s de destacar la coronaci\u00f3n, abord\u00f3 la necesidad de modernizar el reglamento del carnaval, buscando evitar largas jornadas de elecci\u00f3n y posibles errores.\u00a0 Tambi\u00e9n se refiri\u00f3 a la posibilidad de implementar un sistema de puntaje electr\u00f3nico para mayor transparencia.<\/p>\n<p style=\"font-weight: 400;\">\u00a0UN HITO EN LOS CARNAVALES GOYANOS<\/p>\n<p style=\"font-weight: 400;\">En declaraciones period\u00edsticas el secretario de Turismo reconoci\u00f3 que el mi\u00e9rcoles a la ma\u00f1ana en el edificio municipal se vivi\u00f3 \u201cun momento especial\u201d y que: \u201cdecidimos que fuera as\u00ed, ya que, por la particularidad de tener dos reyes y dos reinas del Carnaval goyano, nunca se hab\u00eda dado, (\u2026) y consideramos que no era oportuno improvisar con cualquier corona y hacer la coronaci\u00f3n en el Cors\u00f3dromo&#8221;, subrayando la importancia de contar con el intendente Mariano Hormaechea para realizar este evento.<\/p>\n<p style=\"font-weight: 400;\">CRECIMIENTO DEL CARNAVAL<\/p>\n<p style=\"font-weight: 400;\">El funcionario del \u00e1rea tur\u00edstica municipal puso en valor el crecimiento del carnaval, y sostuvo: &#8220;No quiero caer en falsa modestia: el carnaval crece porque crece culturalmente, porque crece la iniciativa popular&#8221;. Adem\u00e1s, reconoci\u00f3 el valioso aporte de las comparsas y el sector privado, que se ha visto reflejado en el aumento de la venta de entradas. &#8220;La gente empez\u00f3 a entender que hab\u00eda ocurrido algo, hab\u00eda una energ\u00eda distinta. El carnaval de Goya dej\u00f3 de ser est\u00e1tico para ser muy alegre. Tengo muchos comentarios de que se aburr\u00edan en el carnaval anterior, hoy es fiesta, se divierten. Las comparsas transmiten eso&#8221;, se\u00f1al\u00f3. A pesar de los avances, reconoci\u00f3 que a\u00fan existen \u00e1reas por mejorar y se comprometi\u00f3 a seguir trabajando en ellas. &#8220;Somos un equipo donde todos empujan, participan, y vamos a la par. Aqu\u00ed no hay nada ni nadie por encima de nadie\u201d, resalt\u00f3.<\/p>\n<p style=\"font-weight: 400;\">EL REGLAMENTO<\/p>\n<p style=\"font-weight: 400;\">En cuanto al reglamento del carnaval, Candia De Biasio dijo que est\u00e1 a favor de una actualizaci\u00f3n, especialmente en la parte de c\u00f3mputos, para evitar largas jornadas de elecci\u00f3n y posibles errores. &#8220;Pusimos a disposici\u00f3n de las comparsas la confecci\u00f3n del reglamento. En el partido, las reglas las deben poner los jugadores. Nos ocupamos de que el evento ocurra&#8230;&#8221;, detall\u00f3.<\/p>\n<p style=\"font-weight: 400;\">&#8220;En mi opini\u00f3n personal, el reglamento debe actualizarse, sobre todo en la parte de c\u00f3mputos. No podemos permitir que se gasten 23 horas eligiendo, porque ser\u00eda insalubre y podemos cometer errores irreparables por una cuesti\u00f3n propia de la fatiga. Debemos modernizar\u201d.<\/p>\n<p style=\"font-weight: 400;\">Por otra parte, opin\u00f3 de incluir a todos al momento de la premiaci\u00f3n. \u201cQue los premios sean un poco m\u00e1s repartidos, sin premiar siempre a las mismas personas. Es una opini\u00f3n m\u00eda, y busco la manera de hacer un carnaval m\u00e1s moderno&#8221;, consider\u00f3.<\/p>\n<p style=\"font-weight: 400;\">\u00a0Aclar\u00f3 que esta es una opini\u00f3n personal y que la decisi\u00f3n final reside en las comparsas, pero inst\u00f3 a un debate constructivo para lograr un reglamento que sea entendido y respetado por todos. &#8220;No queremos que las comparsas se adecuen solo a nuestra opini\u00f3n, pero llega un punto en que debemos mediar, siempre tratando de actuar de la mejor manera para que los presidentes de las comparsas decidan c\u00f3mo se gana el carnaval&#8221;.<\/p>\n<p style=\"font-weight: 400;\">TRANSMISI\u00d3N DE RESULTADOS<\/p>\n<p style=\"font-weight: 400;\">Sebasti\u00e1n Candia se refiri\u00f3 a la posibilidad de transmitir los resultados en vivo, se\u00f1alando que depende de cuestiones t\u00e9cnicas y la necesidad de evitar malentendidos debido a la complejidad de los puntajes. &#8220;Imag\u00ednate una transmisi\u00f3n de 23 horas, ser\u00eda muy dif\u00edcil de entender. Hay cuestiones que son t\u00e9cnicas en el reglamento; el p\u00fablico no entiende los puntajes ni por qu\u00e9 las nominaciones son tan sesgadas. Se guardan ciertos recursos, sino se generar\u00edan malentendidos&#8221;, argument\u00f3. Sin embargo, expres\u00f3 su deseo de implementar un sistema de puntaje electr\u00f3nico que permita conocer a los ganadores de forma m\u00e1s r\u00e1pida y transparente. &#8220;De hecho, propuse y no llegamos a hacerlo: la construcci\u00f3n de un sistema de puntaje donde el jurado emita su voto mediante una Tablet, que a medida que pasan las comparsas se vayan puntuando, y eso se guarde en un registro. El final ser\u00eda tener un Excel donde la sumatoria te d\u00e9 el puntaje final y poder saber qui\u00e9n gana el carnaval en el momento. Ser\u00eda lo ideal&#8221;, concluy\u00f3 el funcionario municipal.<\/p>\n","protected":false},"excerpt":{"rendered":"<p>\u201cVivimos un momento especial&#8221;: La coronaci\u00f3n de dos reyes y reinas marc\u00f3 un hito en la historia del carnaval goyano.\u00a0La ceremonia celebrada en el hall del edificio municipal el d\u00eda de ayer se distingui\u00f3 por la presentaci\u00f3n de r\u00e9plicas de los atributos reales, una creaci\u00f3n de Leonardo Ram\u00edrez Boll. El secretario de Turismo de la [&hellip;]<\/p>\n","protected":false},"author":4,"featured_media":146747,"comment_status":"closed","ping_status":"closed","sticky":false,"template":"","format":"standard","meta":{"footnotes":""},"categories":[45],"tags":[],"class_list":{"0":"post-146746","1":"post","2":"type-post","3":"status-publish","4":"format-standard","5":"has-post-thumbnail","7":"category-locales"},"_links":{"self":[{"href":"https:\/\/revistaesperanzas.com\/web\/wp-json\/wp\/v2\/posts\/146746","targetHints":{"allow":["GET"]}}],"collection":[{"href":"https:\/\/revistaesperanzas.com\/web\/wp-json\/wp\/v2\/posts"}],"about":[{"href":"https:\/\/revistaesperanzas.com\/web\/wp-json\/wp\/v2\/types\/post"}],"author":[{"embeddable":true,"href":"https:\/\/revistaesperanzas.com\/web\/wp-json\/wp\/v2\/users\/4"}],"replies":[{"embeddable":true,"href":"https:\/\/revistaesperanzas.com\/web\/wp-json\/wp\/v2\/comments?post=146746"}],"version-history":[{"count":1,"href":"https:\/\/revistaesperanzas.com\/web\/wp-json\/wp\/v2\/posts\/146746\/revisions"}],"predecessor-version":[{"id":146748,"href":"https:\/\/revistaesperanzas.com\/web\/wp-json\/wp\/v2\/posts\/146746\/revisions\/146748"}],"wp:featuredmedia":[{"embeddable":true,"href":"https:\/\/revistaesperanzas.com\/web\/wp-json\/wp\/v2\/media\/146747"}],"wp:attachment":[{"href":"https:\/\/revistaesperanzas.com\/web\/wp-json\/wp\/v2\/media?parent=146746"}],"wp:term":[{"taxonomy":"category","embeddable":true,"href":"https:\/\/revistaesperanzas.com\/web\/wp-json\/wp\/v2\/categories?post=146746"},{"taxonomy":"post_tag","embeddable":true,"href":"https:\/\/revistaesperanzas.com\/web\/wp-json\/wp\/v2\/tags?post=146746"}],"curies":[{"name":"wp","href":"https:\/\/api.w.org\/{rel}","templated":true}]}}