{"id":146749,"date":"2026-03-12T20:22:50","date_gmt":"2026-03-12T23:22:50","guid":{"rendered":"https:\/\/revistaesperanzas.com\/web\/?p=146749"},"modified":"2026-03-12T20:22:50","modified_gmt":"2026-03-12T23:22:50","slug":"policia-recupera-una-bicicleta-que-fuera-robada-y-detiene-al-autor-del-hecho","status":"publish","type":"post","link":"https:\/\/revistaesperanzas.com\/web\/2026\/03\/policia-recupera-una-bicicleta-que-fuera-robada-y-detiene-al-autor-del-hecho\/","title":{"rendered":"POLICIA RECUPERA UNA BICICLETA QUE FUERA ROBADA Y DETIENE AL AUTOR DEL HECHO"},"content":{"rendered":"<p>CRUZ DE LOS MILAGROS\u00a0 &#8211;\u00a0 La Polic\u00eda recuper\u00f3 una bicicleta que fuera sustra\u00edda y aprehendi\u00f3 al presunto autor del hecho<\/p>\n<p>En la jornada de ayer 11-03-26, efectivos policiales de la Comisar\u00eda de Distrito Cruz de los Milagros, tras tomar conocimiento de un il\u00edcito, en un efectivo accionar, lograron hallar y recuperar una bicicleta sustra\u00edda y aprehendieron al presunto autor del hecho.<\/p>\n<p>Dicho procedimiento lo concretaron luego de tomar conocimiento de la sustracci\u00f3n de una bicicleta -marca Alpina, rodado 29-, por ello de forma inmediata los mencionados efectivos iniciaron un intenso trabajo de investigaci\u00f3n, logrando de esta manera hallar y recuperar el rodado sustra\u00edda, as\u00ed mismo procedieron a la aprehensi\u00f3n del presunto autor del hecho, un hombre de 36 a\u00f1os de edad.<\/p>\n<p>El hombre y lo recuperado fueron puestos a disposici\u00f3n de la autoridad fiscal en turno, siendo trasladados a la citada dependencia policial, donde se prosigue con los tr\u00e1mites que corresponden.<\/p>\n","protected":false},"excerpt":{"rendered":"<p>CRUZ DE LOS MILAGROS\u00a0 &#8211;\u00a0 La Polic\u00eda recuper\u00f3 una bicicleta que fuera sustra\u00edda y aprehendi\u00f3 al presunto autor del hecho En la jornada de ayer 11-03-26, efectivos policiales de la Comisar\u00eda de Distrito Cruz de los Milagros, tras tomar conocimiento de un il\u00edcito, en un efectivo accionar, lograron hallar y recuperar una bicicleta sustra\u00edda y [&hellip;]<\/p>\n","protected":false},"author":4,"featured_media":146750,"comment_status":"closed","ping_status":"closed","sticky":false,"template":"","format":"standard","meta":{"footnotes":""},"categories":[45],"tags":[],"class_list":{"0":"post-146749","1":"post","2":"type-post","3":"status-publish","4":"format-standard","5":"has-post-thumbnail","7":"category-locales"},"_links":{"self":[{"href":"https:\/\/revistaesperanzas.com\/web\/wp-json\/wp\/v2\/posts\/146749","targetHints":{"allow":["GET"]}}],"collection":[{"href":"https:\/\/revistaesperanzas.com\/web\/wp-json\/wp\/v2\/posts"}],"about":[{"href":"https:\/\/revistaesperanzas.com\/web\/wp-json\/wp\/v2\/types\/post"}],"author":[{"embeddable":true,"href":"https:\/\/revistaesperanzas.com\/web\/wp-json\/wp\/v2\/users\/4"}],"replies":[{"embeddable":true,"href":"https:\/\/revistaesperanzas.com\/web\/wp-json\/wp\/v2\/comments?post=146749"}],"version-history":[{"count":1,"href":"https:\/\/revistaesperanzas.com\/web\/wp-json\/wp\/v2\/posts\/146749\/revisions"}],"predecessor-version":[{"id":146751,"href":"https:\/\/revistaesperanzas.com\/web\/wp-json\/wp\/v2\/posts\/146749\/revisions\/146751"}],"wp:featuredmedia":[{"embeddable":true,"href":"https:\/\/revistaesperanzas.com\/web\/wp-json\/wp\/v2\/media\/146750"}],"wp:attachment":[{"href":"https:\/\/revistaesperanzas.com\/web\/wp-json\/wp\/v2\/media?parent=146749"}],"wp:term":[{"taxonomy":"category","embeddable":true,"href":"https:\/\/revistaesperanzas.com\/web\/wp-json\/wp\/v2\/categories?post=146749"},{"taxonomy":"post_tag","embeddable":true,"href":"https:\/\/revistaesperanzas.com\/web\/wp-json\/wp\/v2\/tags?post=146749"}],"curies":[{"name":"wp","href":"https:\/\/api.w.org\/{rel}","templated":true}]}}