{"id":146752,"date":"2026-03-12T20:25:11","date_gmt":"2026-03-12T23:25:11","guid":{"rendered":"https:\/\/revistaesperanzas.com\/web\/?p=146752"},"modified":"2026-03-12T20:26:24","modified_gmt":"2026-03-12T23:26:24","slug":"146752","status":"publish","type":"post","link":"https:\/\/revistaesperanzas.com\/web\/2026\/03\/146752\/","title":{"rendered":"QUERIA UNA GARRAFA . . .  Y SE LA  ROB\u00d3 NOMAS"},"content":{"rendered":"<p>SAN COSME &#8211; La Polic\u00eda tras diligenciar dos \u00f3rdenes de allanamientos, secuestr\u00f3 un elemento denunciado como sustra\u00eddo y demoraron al presunto autor del hecho.<\/p>\n<p>En la jornada de ayer 11-03-26, efectivos policiales de la Comisar\u00eda de distrito San Cosme, en colaboraci\u00f3n con la unidad fiscal interviniente, en el marco de un legajo de investigaci\u00f3n que se encuentra en tr\u00e1mite, tras diligenciar dos \u00f3rdenes de allanamientos, secuestraron el elemento denunciado como sustra\u00eddo y demoraron al presunto autor del hecho.<\/p>\n<p>Los distintos trabajos de investigaci\u00f3n desplegados, llev\u00f3 a los efectivos a diligenciar dos \u00f3rdenes de allanamientos, en domicilios ubicados de la calle Mariano Moreno, de esa localidad, lugar donde hallaron y secuestraron un tubo de gas que ser\u00eda el denunciado como sustra\u00eddo y demoraron a un sujeto sindicado como presunto autor del hecho.<\/p>\n<p>El demorado junto a lo recuperado fueron puestos a disposici\u00f3n de la autoridad fiscal interviniente, siendo trasladado a la citada dependencia policial, donde se prosigue con los tramites del caso.<\/p>\n","protected":false},"excerpt":{"rendered":"<p>SAN COSME &#8211; La Polic\u00eda tras diligenciar dos \u00f3rdenes de allanamientos, secuestr\u00f3 un elemento denunciado como sustra\u00eddo y demoraron al presunto autor del hecho. En la jornada de ayer 11-03-26, efectivos policiales de la Comisar\u00eda de distrito San Cosme, en colaboraci\u00f3n con la unidad fiscal interviniente, en el marco de un legajo de investigaci\u00f3n que [&hellip;]<\/p>\n","protected":false},"author":4,"featured_media":146753,"comment_status":"closed","ping_status":"closed","sticky":false,"template":"","format":"standard","meta":{"footnotes":""},"categories":[58],"tags":[],"class_list":{"0":"post-146752","1":"post","2":"type-post","3":"status-publish","4":"format-standard","5":"has-post-thumbnail","7":"category-corrientes"},"_links":{"self":[{"href":"https:\/\/revistaesperanzas.com\/web\/wp-json\/wp\/v2\/posts\/146752","targetHints":{"allow":["GET"]}}],"collection":[{"href":"https:\/\/revistaesperanzas.com\/web\/wp-json\/wp\/v2\/posts"}],"about":[{"href":"https:\/\/revistaesperanzas.com\/web\/wp-json\/wp\/v2\/types\/post"}],"author":[{"embeddable":true,"href":"https:\/\/revistaesperanzas.com\/web\/wp-json\/wp\/v2\/users\/4"}],"replies":[{"embeddable":true,"href":"https:\/\/revistaesperanzas.com\/web\/wp-json\/wp\/v2\/comments?post=146752"}],"version-history":[{"count":2,"href":"https:\/\/revistaesperanzas.com\/web\/wp-json\/wp\/v2\/posts\/146752\/revisions"}],"predecessor-version":[{"id":146756,"href":"https:\/\/revistaesperanzas.com\/web\/wp-json\/wp\/v2\/posts\/146752\/revisions\/146756"}],"wp:featuredmedia":[{"embeddable":true,"href":"https:\/\/revistaesperanzas.com\/web\/wp-json\/wp\/v2\/media\/146753"}],"wp:attachment":[{"href":"https:\/\/revistaesperanzas.com\/web\/wp-json\/wp\/v2\/media?parent=146752"}],"wp:term":[{"taxonomy":"category","embeddable":true,"href":"https:\/\/revistaesperanzas.com\/web\/wp-json\/wp\/v2\/categories?post=146752"},{"taxonomy":"post_tag","embeddable":true,"href":"https:\/\/revistaesperanzas.com\/web\/wp-json\/wp\/v2\/tags?post=146752"}],"curies":[{"name":"wp","href":"https:\/\/api.w.org\/{rel}","templated":true}]}}