{"id":146757,"date":"2026-03-12T20:27:51","date_gmt":"2026-03-12T23:27:51","guid":{"rendered":"https:\/\/revistaesperanzas.com\/web\/?p=146757"},"modified":"2026-03-12T21:11:26","modified_gmt":"2026-03-13T00:11:26","slug":"146757","status":"publish","type":"post","link":"https:\/\/revistaesperanzas.com\/web\/2026\/03\/146757\/","title":{"rendered":"POLICIA DE LAVALLE RECUPERA BICICLETA ROBADA Y SE LO DETUVO AL LADR\u00d3N"},"content":{"rendered":"<p>LAVALLE &#8211; La Polic\u00eda recuper\u00f3 una bicicleta que fuera recientemente sustra\u00edda<\/p>\n<p>En horas de la ma\u00f1ana de ayer 11-03-26, efectivos policiales de la Comisar\u00eda de Distrito Lavalle, tras tomar conocimiento de un il\u00edcito, en eficaz accionar, lograron hallar y recuperar una bicicleta recientemente sustra\u00edda.<\/p>\n<p>El procedimiento lo realizaron luego de tomar conocimiento de la sustracci\u00f3n de una bicicleta -marca Totem, rodado 29- que se encontraba en un domicilio, por lo que ante tal circunstancia y de forma inmediata los polic\u00edas iniciaron tareas investigativas y amplios patrullajes por zonas aleda\u00f1as, logrando as\u00ed hallar y recuperar el rodado recientemente sustra\u00eddo.<\/p>\n<p>Lo recuperado fue puesto a disposici\u00f3n de la autoridad fiscal en turno, siendo trasladado a la citada dependencia policial, donde se prosigue con los tr\u00e1mites que corresponden.<\/p>\n","protected":false},"excerpt":{"rendered":"<p>LAVALLE &#8211; La Polic\u00eda recuper\u00f3 una bicicleta que fuera recientemente sustra\u00edda En horas de la ma\u00f1ana de ayer 11-03-26, efectivos policiales de la Comisar\u00eda de Distrito Lavalle, tras tomar conocimiento de un il\u00edcito, en eficaz accionar, lograron hallar y recuperar una bicicleta recientemente sustra\u00edda. El procedimiento lo realizaron luego de tomar conocimiento de la sustracci\u00f3n [&hellip;]<\/p>\n","protected":false},"author":4,"featured_media":146758,"comment_status":"closed","ping_status":"closed","sticky":false,"template":"","format":"standard","meta":{"footnotes":""},"categories":[58],"tags":[],"class_list":{"0":"post-146757","1":"post","2":"type-post","3":"status-publish","4":"format-standard","5":"has-post-thumbnail","7":"category-corrientes"},"_links":{"self":[{"href":"https:\/\/revistaesperanzas.com\/web\/wp-json\/wp\/v2\/posts\/146757","targetHints":{"allow":["GET"]}}],"collection":[{"href":"https:\/\/revistaesperanzas.com\/web\/wp-json\/wp\/v2\/posts"}],"about":[{"href":"https:\/\/revistaesperanzas.com\/web\/wp-json\/wp\/v2\/types\/post"}],"author":[{"embeddable":true,"href":"https:\/\/revistaesperanzas.com\/web\/wp-json\/wp\/v2\/users\/4"}],"replies":[{"embeddable":true,"href":"https:\/\/revistaesperanzas.com\/web\/wp-json\/wp\/v2\/comments?post=146757"}],"version-history":[{"count":2,"href":"https:\/\/revistaesperanzas.com\/web\/wp-json\/wp\/v2\/posts\/146757\/revisions"}],"predecessor-version":[{"id":146761,"href":"https:\/\/revistaesperanzas.com\/web\/wp-json\/wp\/v2\/posts\/146757\/revisions\/146761"}],"wp:featuredmedia":[{"embeddable":true,"href":"https:\/\/revistaesperanzas.com\/web\/wp-json\/wp\/v2\/media\/146758"}],"wp:attachment":[{"href":"https:\/\/revistaesperanzas.com\/web\/wp-json\/wp\/v2\/media?parent=146757"}],"wp:term":[{"taxonomy":"category","embeddable":true,"href":"https:\/\/revistaesperanzas.com\/web\/wp-json\/wp\/v2\/categories?post=146757"},{"taxonomy":"post_tag","embeddable":true,"href":"https:\/\/revistaesperanzas.com\/web\/wp-json\/wp\/v2\/tags?post=146757"}],"curies":[{"name":"wp","href":"https:\/\/api.w.org\/{rel}","templated":true}]}}