{"id":146762,"date":"2026-03-12T20:32:18","date_gmt":"2026-03-12T23:32:18","guid":{"rendered":"https:\/\/revistaesperanzas.com\/web\/?p=146762"},"modified":"2026-03-12T21:10:03","modified_gmt":"2026-03-13T00:10:03","slug":"detienen-un-vehiculo-para-su-control-y-se-encuentran-con-un-ternero-robado","status":"publish","type":"post","link":"https:\/\/revistaesperanzas.com\/web\/2026\/03\/detienen-un-vehiculo-para-su-control-y-se-encuentran-con-un-ternero-robado\/","title":{"rendered":"DETIENEN UN VEH\u00cdCULO PARA SU CONTROL Y SE ENCUENTRAN CON UN TERNERO ROBADO"},"content":{"rendered":"<p>SANTO TOM\u00c9\u00a0 &#8211;\u00a0 La Polic\u00eda, en trabajos de contralor detectan el traslado irregular de un ternero en una camioneta<\/p>\n<p>Efectivos de la Unidad Especial de Seguridad Rural y Ecol\u00f3gica de Santo Tome, encontr\u00e1ndose realizando operativos de contralor, detectaron el traslado irregular de un animal vacuno durante un control preventivo realizado en jurisdicci\u00f3n de Santo Tom\u00e9.<a href=\"https:\/\/revistaesperanzas.com\/web\/2026\/03\/detienen-un-vehiculo-para-su-control-y-se-encuentran-con-un-ternero-robado\/whatsapp-image-2026-03-12-at-12-40-20-1\/\" rel=\"attachment wp-att-146812\"><img loading=\"lazy\" decoding=\"async\" class=\" wp-image-146812 alignleft\" src=\"https:\/\/revistaesperanzas.com\/web\/wp-content\/uploads\/2026\/03\/WhatsApp-Image-2026-03-12-at-12.40.20-1.jpeg\" alt=\"\" width=\"701\" height=\"479\" srcset=\"https:\/\/revistaesperanzas.com\/web\/wp-content\/uploads\/2026\/03\/WhatsApp-Image-2026-03-12-at-12.40.20-1.jpeg 600w, https:\/\/revistaesperanzas.com\/web\/wp-content\/uploads\/2026\/03\/WhatsApp-Image-2026-03-12-at-12.40.20-1-218x150.jpeg 218w\" sizes=\"auto, (max-width: 701px) 100vw, 701px\" \/><\/a><\/p>\n<p>El procedimiento se llev\u00f3 a cabo alrededor de las 20.00horas cuando encontr\u00e1ndose en un puesto de control del Destacamento Empalme, detuvieron la marcha de una camioneta \u2013marca Toyota Hilux-, en la que circulaban tres personas, trasladando un ternero vivo que estaba maniatado, procediendo a verificar la documentaci\u00f3n correspondiente para el traslado del animal.<\/p>\n<p>Tras ser consultados, dieron argumentos del motivo del traslado, sin embargo, al momento del control, no contaban con la documentaci\u00f3n obligatoria para el transporte de ganado, por lo que se dio intervenci\u00f3n al fiscal rural y ambiental en turno.<\/p>\n<p>En ese sentido y por disposici\u00f3n del funcionario judicial se iniciaron actuaciones de oficio por presunta infracci\u00f3n al Art\u00edculo 206, procedi\u00e9ndose al secuestro de la camioneta y del animal, siendo trasladados a la citada dependencia policial donde se prosigue con los tramites del caso.<\/p>\n","protected":false},"excerpt":{"rendered":"<p>SANTO TOM\u00c9\u00a0 &#8211;\u00a0 La Polic\u00eda, en trabajos de contralor detectan el traslado irregular de un ternero en una camioneta Efectivos de la Unidad Especial de Seguridad Rural y Ecol\u00f3gica de Santo Tome, encontr\u00e1ndose realizando operativos de contralor, detectaron el traslado irregular de un animal vacuno durante un control preventivo realizado en jurisdicci\u00f3n de Santo Tom\u00e9. [&hellip;]<\/p>\n","protected":false},"author":4,"featured_media":146763,"comment_status":"closed","ping_status":"closed","sticky":false,"template":"","format":"standard","meta":{"footnotes":""},"categories":[58],"tags":[],"class_list":{"0":"post-146762","1":"post","2":"type-post","3":"status-publish","4":"format-standard","5":"has-post-thumbnail","7":"category-corrientes"},"_links":{"self":[{"href":"https:\/\/revistaesperanzas.com\/web\/wp-json\/wp\/v2\/posts\/146762","targetHints":{"allow":["GET"]}}],"collection":[{"href":"https:\/\/revistaesperanzas.com\/web\/wp-json\/wp\/v2\/posts"}],"about":[{"href":"https:\/\/revistaesperanzas.com\/web\/wp-json\/wp\/v2\/types\/post"}],"author":[{"embeddable":true,"href":"https:\/\/revistaesperanzas.com\/web\/wp-json\/wp\/v2\/users\/4"}],"replies":[{"embeddable":true,"href":"https:\/\/revistaesperanzas.com\/web\/wp-json\/wp\/v2\/comments?post=146762"}],"version-history":[{"count":2,"href":"https:\/\/revistaesperanzas.com\/web\/wp-json\/wp\/v2\/posts\/146762\/revisions"}],"predecessor-version":[{"id":146813,"href":"https:\/\/revistaesperanzas.com\/web\/wp-json\/wp\/v2\/posts\/146762\/revisions\/146813"}],"wp:featuredmedia":[{"embeddable":true,"href":"https:\/\/revistaesperanzas.com\/web\/wp-json\/wp\/v2\/media\/146763"}],"wp:attachment":[{"href":"https:\/\/revistaesperanzas.com\/web\/wp-json\/wp\/v2\/media?parent=146762"}],"wp:term":[{"taxonomy":"category","embeddable":true,"href":"https:\/\/revistaesperanzas.com\/web\/wp-json\/wp\/v2\/categories?post=146762"},{"taxonomy":"post_tag","embeddable":true,"href":"https:\/\/revistaesperanzas.com\/web\/wp-json\/wp\/v2\/tags?post=146762"}],"curies":[{"name":"wp","href":"https:\/\/api.w.org\/{rel}","templated":true}]}}