{"id":146765,"date":"2026-03-12T20:41:05","date_gmt":"2026-03-12T23:41:05","guid":{"rendered":"https:\/\/revistaesperanzas.com\/web\/?p=146765"},"modified":"2026-03-12T20:41:05","modified_gmt":"2026-03-12T23:41:05","slug":"pidieron-para-ir-al-bano-y-se-lo-llevaron-nomas-para-venderlos","status":"publish","type":"post","link":"https:\/\/revistaesperanzas.com\/web\/2026\/03\/pidieron-para-ir-al-bano-y-se-lo-llevaron-nomas-para-venderlos\/","title":{"rendered":"PIDIERON PARA IR AL BA\u00d1O . . . Y SE LO LLEVARON NOMAS PARA VENDERLOS"},"content":{"rendered":"<p>PASO DE LA PATRIA\u00a0 &#8211;\u00a0 La Polic\u00eda tras diligenciar una orden de allanamiento, secuestro una amoladora que guardar\u00eda relaci\u00f3n con un il\u00edcito y otros de dudosa procedencia. Existe una persona demorada<\/p>\n<p>En la jornada de ayer 11-03-26, efectivos policiales de la Comisaria de distrito Paso de la Patria, en el marco de labores de investigaci\u00f3n desplegadas en colaboraci\u00f3n con la unidad fiscal interviniente, tras diligenciar una orden de allanamiento, secuestro una amoladora que guardar\u00eda relaci\u00f3n con el il\u00edcito, y accesorios sanitarios de dudosa procedencia, adem\u00e1s, siguiendo la l\u00ednea investigativa demoraron a un sujeto.<\/p>\n<p>Los intensos trabajos de investigaci\u00f3n desplegados, llev\u00f3 a los polic\u00edas a diligenciar una orden de allanamiento en un domicilio de esa ciudad, lugar donde tras el registro del inmueble, hallaron y secuestraron una amoladora y varios accesorios sanitarios, adem\u00e1s en la v\u00eda p\u00fablica, procedieron a la demora de una persona -mayor de edad-, quien estar\u00eda sindicado como presunto autor del il\u00edcito que se encuentra en tr\u00e1mite.<\/p>\n<p>El demorado junto a lo secuestrado fueron puestos a disposici\u00f3n de la autoridad fiscal interviniente, siendo trasladado a la citada dependencia policial, donde se prosigue con los tramites del caso<\/p>\n","protected":false},"excerpt":{"rendered":"<p>PASO DE LA PATRIA\u00a0 &#8211;\u00a0 La Polic\u00eda tras diligenciar una orden de allanamiento, secuestro una amoladora que guardar\u00eda relaci\u00f3n con un il\u00edcito y otros de dudosa procedencia. Existe una persona demorada En la jornada de ayer 11-03-26, efectivos policiales de la Comisaria de distrito Paso de la Patria, en el marco de labores de investigaci\u00f3n [&hellip;]<\/p>\n","protected":false},"author":4,"featured_media":146766,"comment_status":"closed","ping_status":"closed","sticky":false,"template":"","format":"standard","meta":{"footnotes":""},"categories":[58],"tags":[],"class_list":{"0":"post-146765","1":"post","2":"type-post","3":"status-publish","4":"format-standard","5":"has-post-thumbnail","7":"category-corrientes"},"_links":{"self":[{"href":"https:\/\/revistaesperanzas.com\/web\/wp-json\/wp\/v2\/posts\/146765","targetHints":{"allow":["GET"]}}],"collection":[{"href":"https:\/\/revistaesperanzas.com\/web\/wp-json\/wp\/v2\/posts"}],"about":[{"href":"https:\/\/revistaesperanzas.com\/web\/wp-json\/wp\/v2\/types\/post"}],"author":[{"embeddable":true,"href":"https:\/\/revistaesperanzas.com\/web\/wp-json\/wp\/v2\/users\/4"}],"replies":[{"embeddable":true,"href":"https:\/\/revistaesperanzas.com\/web\/wp-json\/wp\/v2\/comments?post=146765"}],"version-history":[{"count":1,"href":"https:\/\/revistaesperanzas.com\/web\/wp-json\/wp\/v2\/posts\/146765\/revisions"}],"predecessor-version":[{"id":146767,"href":"https:\/\/revistaesperanzas.com\/web\/wp-json\/wp\/v2\/posts\/146765\/revisions\/146767"}],"wp:featuredmedia":[{"embeddable":true,"href":"https:\/\/revistaesperanzas.com\/web\/wp-json\/wp\/v2\/media\/146766"}],"wp:attachment":[{"href":"https:\/\/revistaesperanzas.com\/web\/wp-json\/wp\/v2\/media?parent=146765"}],"wp:term":[{"taxonomy":"category","embeddable":true,"href":"https:\/\/revistaesperanzas.com\/web\/wp-json\/wp\/v2\/categories?post=146765"},{"taxonomy":"post_tag","embeddable":true,"href":"https:\/\/revistaesperanzas.com\/web\/wp-json\/wp\/v2\/tags?post=146765"}],"curies":[{"name":"wp","href":"https:\/\/api.w.org\/{rel}","templated":true}]}}