{"id":146768,"date":"2026-03-12T20:43:13","date_gmt":"2026-03-12T23:43:13","guid":{"rendered":"https:\/\/revistaesperanzas.com\/web\/?p=146768"},"modified":"2026-03-12T20:43:13","modified_gmt":"2026-03-12T23:43:13","slug":"policia-de-corrientes-detiene-a-una-banda-que-se-dedicaba-a-robar-ganado","status":"publish","type":"post","link":"https:\/\/revistaesperanzas.com\/web\/2026\/03\/policia-de-corrientes-detiene-a-una-banda-que-se-dedicaba-a-robar-ganado\/","title":{"rendered":"POLICIA DE CORRIENTES DETIENE A UNA BANDA QUE SE DEDICABA A ROBAR GANADO"},"content":{"rendered":"<p>VIRASORO\u00a0 &#8211;\u00a0 La Polic\u00eda desarticul\u00f3 una banda que se dedicar\u00eda a hechos de \u201cabigeato\u201d y que operaba en campos de la zona<\/p>\n<p>Efectivos de la unidad especial de Seguridad Rural y Ecol\u00f3gica de Gobernador Virasoro, luego de diversos trabajos de investigaci\u00f3n, en colaboraci\u00f3n con la fiscal\u00eda rural interviniente, lograron identificar y desarticular una banda que se dedicar\u00eda a la sustracci\u00f3n de ganado y que operaban en distintos sectores rurales de la zona.<\/p>\n<p>Los distintos trabajos de investigaci\u00f3n desplegados dieron inici\u00f3 tras tomar conocimiento de un hecho de abigeato presentada por un productor rural, resultando damnificado un establecimiento, ubicado en esa ciudad.<\/p>\n<p>Conforme a las primeras averiguaciones, los presuntos autores ingresaban a los campos tras cortar alambrados y realizaban la faena de animales en el lugar, trasladando posteriormente los cortes c\u00e1rnicos mediante caballos de tiro, aprovechando sectores rurales lindantes y caminos cercanos como la Ruta Provincial 37 para movilizarse sin ser detectados, situaci\u00f3n que habr\u00edan quedado registrado en c\u00e1maras de seguridad instaladas espec\u00edficamente para lograr el esclarecimiento de estos il\u00edcitos.<\/p>\n<p>Los procedimientos se realizaron en domicilios de los barrios Santa Rita y Ces\u00e1reo Navajas, donde fueron detenidos dos hombres, sindicados como integrantes de la banda investigada.<br \/>\nEn ese marco, diligenciaron dos \u00f3rdenes de allanamiento, primeramente, secuestraron diversos elementos presuntamente utilizados para cometer los hechos, entre ellos cuchillos, machetes, chairas, una chuza casera, ganchos de hierro, balanzas digitales port\u00e1tiles de hasta 50 kilos, sogas, bolsos, prendas de vestir y elementos de montar.<\/p>\n<p>Asimismo, en uno de los domicilios se detect\u00f3 una planta de cannabis sativa de aproximadamente 2,65 metros de altura, por lo que tambi\u00e9n se iniciaron actuaciones por presunta infracci\u00f3n a la Ley Nacional 23.737.<\/p>\n<p>En otro procedimiento realizado en la v\u00eda p\u00fablica, en una zona perif\u00e9rica hallaron y secuestraron un caballo que presentaba lesiones recientes y barro en distintas partes del cuerpo, el cual se presume que habr\u00eda sido utilizado para transportar la carne sustra\u00edda.<\/p>\n<p>Cabe se\u00f1alar, que actualmente se continua con diversos trabajos de investigaci\u00f3n a fin de dar con otras personas que ya estar\u00edan identificadas y vinculadas a esta banda, en tanto, en la citada dependencia policial donde se prosigue con los tramites del caso.<\/p>\n","protected":false},"excerpt":{"rendered":"<p>VIRASORO\u00a0 &#8211;\u00a0 La Polic\u00eda desarticul\u00f3 una banda que se dedicar\u00eda a hechos de \u201cabigeato\u201d y que operaba en campos de la zona Efectivos de la unidad especial de Seguridad Rural y Ecol\u00f3gica de Gobernador Virasoro, luego de diversos trabajos de investigaci\u00f3n, en colaboraci\u00f3n con la fiscal\u00eda rural interviniente, lograron identificar y desarticular una banda que [&hellip;]<\/p>\n","protected":false},"author":4,"featured_media":146769,"comment_status":"closed","ping_status":"closed","sticky":false,"template":"","format":"standard","meta":{"footnotes":""},"categories":[58],"tags":[],"class_list":{"0":"post-146768","1":"post","2":"type-post","3":"status-publish","4":"format-standard","5":"has-post-thumbnail","7":"category-corrientes"},"_links":{"self":[{"href":"https:\/\/revistaesperanzas.com\/web\/wp-json\/wp\/v2\/posts\/146768","targetHints":{"allow":["GET"]}}],"collection":[{"href":"https:\/\/revistaesperanzas.com\/web\/wp-json\/wp\/v2\/posts"}],"about":[{"href":"https:\/\/revistaesperanzas.com\/web\/wp-json\/wp\/v2\/types\/post"}],"author":[{"embeddable":true,"href":"https:\/\/revistaesperanzas.com\/web\/wp-json\/wp\/v2\/users\/4"}],"replies":[{"embeddable":true,"href":"https:\/\/revistaesperanzas.com\/web\/wp-json\/wp\/v2\/comments?post=146768"}],"version-history":[{"count":1,"href":"https:\/\/revistaesperanzas.com\/web\/wp-json\/wp\/v2\/posts\/146768\/revisions"}],"predecessor-version":[{"id":146770,"href":"https:\/\/revistaesperanzas.com\/web\/wp-json\/wp\/v2\/posts\/146768\/revisions\/146770"}],"wp:featuredmedia":[{"embeddable":true,"href":"https:\/\/revistaesperanzas.com\/web\/wp-json\/wp\/v2\/media\/146769"}],"wp:attachment":[{"href":"https:\/\/revistaesperanzas.com\/web\/wp-json\/wp\/v2\/media?parent=146768"}],"wp:term":[{"taxonomy":"category","embeddable":true,"href":"https:\/\/revistaesperanzas.com\/web\/wp-json\/wp\/v2\/categories?post=146768"},{"taxonomy":"post_tag","embeddable":true,"href":"https:\/\/revistaesperanzas.com\/web\/wp-json\/wp\/v2\/tags?post=146768"}],"curies":[{"name":"wp","href":"https:\/\/api.w.org\/{rel}","templated":true}]}}