{"id":146771,"date":"2026-03-12T20:44:50","date_gmt":"2026-03-12T23:44:50","guid":{"rendered":"https:\/\/revistaesperanzas.com\/web\/?p=146771"},"modified":"2026-03-12T20:45:26","modified_gmt":"2026-03-12T23:45:26","slug":"146771","status":"publish","type":"post","link":"https:\/\/revistaesperanzas.com\/web\/2026\/03\/146771\/","title":{"rendered":"EL TRABAJO DE PREVENCI\u00d3N POLICIAL D\u00c1 SUS FRUTOS"},"content":{"rendered":"<p>GRUPO DE INTERVENCION RAPIDA &#8211; La Polic\u00eda demoro a cuatro j\u00f3venes que aparentemente se encontraban merodeando<\/p>\n<p>En la tarde de ayer 11-03-26, efectivos policiales dependientes del Grupo de Intervenci\u00f3n R\u00e1pida -G.I.R-, en momentos que se encontraban de recorrida de prevenci\u00f3n de il\u00edcitos por el \u00e1mbito de su jurisdicci\u00f3n asignada, demoraron a cuatro j\u00f3venes que aparentemente se encontraban merodeando.<\/p>\n<p>El procedimiento lo concretaron cerca de las 16:00 horas, en inmediaciones de calles Hern\u00e1n Cort\u00e9s y Chascom\u00fas, cuando visualizan a cuatro sujetos que se encontraban observando detenidamente el interior de los veh\u00edculos estacionados y de los domicilios de la zona, por lo que se procedi\u00f3 a su identificaci\u00f3n y posterior demora, trat\u00e1ndose j\u00f3venes de 17 a\u00f1os de edad.<\/p>\n<p>Estos j\u00f3venes fueron traslados a la Comisar\u00eda Jurisdiccional S\u00e9ptima para continuar con los tr\u00e1mites correspondientes.<\/p>\n","protected":false},"excerpt":{"rendered":"<p>GRUPO DE INTERVENCION RAPIDA &#8211; La Polic\u00eda demoro a cuatro j\u00f3venes que aparentemente se encontraban merodeando En la tarde de ayer 11-03-26, efectivos policiales dependientes del Grupo de Intervenci\u00f3n R\u00e1pida -G.I.R-, en momentos que se encontraban de recorrida de prevenci\u00f3n de il\u00edcitos por el \u00e1mbito de su jurisdicci\u00f3n asignada, demoraron a cuatro j\u00f3venes que aparentemente [&hellip;]<\/p>\n","protected":false},"author":4,"featured_media":146772,"comment_status":"closed","ping_status":"closed","sticky":false,"template":"","format":"standard","meta":{"footnotes":""},"categories":[58],"tags":[],"class_list":{"0":"post-146771","1":"post","2":"type-post","3":"status-publish","4":"format-standard","5":"has-post-thumbnail","7":"category-corrientes"},"_links":{"self":[{"href":"https:\/\/revistaesperanzas.com\/web\/wp-json\/wp\/v2\/posts\/146771","targetHints":{"allow":["GET"]}}],"collection":[{"href":"https:\/\/revistaesperanzas.com\/web\/wp-json\/wp\/v2\/posts"}],"about":[{"href":"https:\/\/revistaesperanzas.com\/web\/wp-json\/wp\/v2\/types\/post"}],"author":[{"embeddable":true,"href":"https:\/\/revistaesperanzas.com\/web\/wp-json\/wp\/v2\/users\/4"}],"replies":[{"embeddable":true,"href":"https:\/\/revistaesperanzas.com\/web\/wp-json\/wp\/v2\/comments?post=146771"}],"version-history":[{"count":2,"href":"https:\/\/revistaesperanzas.com\/web\/wp-json\/wp\/v2\/posts\/146771\/revisions"}],"predecessor-version":[{"id":146775,"href":"https:\/\/revistaesperanzas.com\/web\/wp-json\/wp\/v2\/posts\/146771\/revisions\/146775"}],"wp:featuredmedia":[{"embeddable":true,"href":"https:\/\/revistaesperanzas.com\/web\/wp-json\/wp\/v2\/media\/146772"}],"wp:attachment":[{"href":"https:\/\/revistaesperanzas.com\/web\/wp-json\/wp\/v2\/media?parent=146771"}],"wp:term":[{"taxonomy":"category","embeddable":true,"href":"https:\/\/revistaesperanzas.com\/web\/wp-json\/wp\/v2\/categories?post=146771"},{"taxonomy":"post_tag","embeddable":true,"href":"https:\/\/revistaesperanzas.com\/web\/wp-json\/wp\/v2\/tags?post=146771"}],"curies":[{"name":"wp","href":"https:\/\/api.w.org\/{rel}","templated":true}]}}