{"id":146776,"date":"2026-03-12T20:47:03","date_gmt":"2026-03-12T23:47:03","guid":{"rendered":"https:\/\/revistaesperanzas.com\/web\/?p=146776"},"modified":"2026-03-12T20:47:44","modified_gmt":"2026-03-12T23:47:44","slug":"146776","status":"publish","type":"post","link":"https:\/\/revistaesperanzas.com\/web\/2026\/03\/146776\/","title":{"rendered":"DEMORAN DOS PERSONAS MAYORES POR ANDAR &#8220;MIRANDO&#8221; COSAS AJENAS"},"content":{"rendered":"<p>DESTACAMENTO SAN MARCOS\u00a0 &#8211;\u00a0 La polic\u00eda en diferentes procedimientos, demoro a dos personas.<\/p>\n<p>En la madrugada y ma\u00f1ana de hoy 12-03-26, efectivos policiales del Destacamento San Marcos, en diferentes procedimientos realizados, demoraron a dos personas.<br \/>\nEl primer procedimiento lo realizaron, cerca de las 03:00 horas, cuando encontr\u00e1ndose de recorridas en prevenci\u00f3n de il\u00edcitos, identificaron y demoraron a un hombre de 32 a\u00f1os de edad, quien se encontraba merodeando observando el interior de los domicilios en inmediaciones de calles El Choc\u00f3n y Bonastre de esta ciudad.<\/p>\n<p>De igual forma, alrededor de las 10:00 horas, en calles Viedma y Bonastre, d\u00f3nde un hombre de 35 a\u00f1os de edad, se encontraba merodeando observando los domicilios y veh\u00edculos estacionados del lugar.<\/p>\n<p>En ambos casos fueron traslados a la Comisar\u00eda Jurisdiccional S\u00e9ptima para continuar con los tr\u00e1mites correspondientes.<\/p>\n","protected":false},"excerpt":{"rendered":"<p>DESTACAMENTO SAN MARCOS\u00a0 &#8211;\u00a0 La polic\u00eda en diferentes procedimientos, demoro a dos personas. En la madrugada y ma\u00f1ana de hoy 12-03-26, efectivos policiales del Destacamento San Marcos, en diferentes procedimientos realizados, demoraron a dos personas. El primer procedimiento lo realizaron, cerca de las 03:00 horas, cuando encontr\u00e1ndose de recorridas en prevenci\u00f3n de il\u00edcitos, identificaron y [&hellip;]<\/p>\n","protected":false},"author":4,"featured_media":146777,"comment_status":"closed","ping_status":"closed","sticky":false,"template":"","format":"standard","meta":{"footnotes":""},"categories":[58],"tags":[],"class_list":{"0":"post-146776","1":"post","2":"type-post","3":"status-publish","4":"format-standard","5":"has-post-thumbnail","7":"category-corrientes"},"_links":{"self":[{"href":"https:\/\/revistaesperanzas.com\/web\/wp-json\/wp\/v2\/posts\/146776","targetHints":{"allow":["GET"]}}],"collection":[{"href":"https:\/\/revistaesperanzas.com\/web\/wp-json\/wp\/v2\/posts"}],"about":[{"href":"https:\/\/revistaesperanzas.com\/web\/wp-json\/wp\/v2\/types\/post"}],"author":[{"embeddable":true,"href":"https:\/\/revistaesperanzas.com\/web\/wp-json\/wp\/v2\/users\/4"}],"replies":[{"embeddable":true,"href":"https:\/\/revistaesperanzas.com\/web\/wp-json\/wp\/v2\/comments?post=146776"}],"version-history":[{"count":2,"href":"https:\/\/revistaesperanzas.com\/web\/wp-json\/wp\/v2\/posts\/146776\/revisions"}],"predecessor-version":[{"id":146779,"href":"https:\/\/revistaesperanzas.com\/web\/wp-json\/wp\/v2\/posts\/146776\/revisions\/146779"}],"wp:featuredmedia":[{"embeddable":true,"href":"https:\/\/revistaesperanzas.com\/web\/wp-json\/wp\/v2\/media\/146777"}],"wp:attachment":[{"href":"https:\/\/revistaesperanzas.com\/web\/wp-json\/wp\/v2\/media?parent=146776"}],"wp:term":[{"taxonomy":"category","embeddable":true,"href":"https:\/\/revistaesperanzas.com\/web\/wp-json\/wp\/v2\/categories?post=146776"},{"taxonomy":"post_tag","embeddable":true,"href":"https:\/\/revistaesperanzas.com\/web\/wp-json\/wp\/v2\/tags?post=146776"}],"curies":[{"name":"wp","href":"https:\/\/api.w.org\/{rel}","templated":true}]}}