{"id":146780,"date":"2026-03-12T20:55:29","date_gmt":"2026-03-12T23:55:29","guid":{"rendered":"https:\/\/revistaesperanzas.com\/web\/?p=146780"},"modified":"2026-03-12T20:55:29","modified_gmt":"2026-03-12T23:55:29","slug":"la-juventud-radical-de-goya-entrego-utiles-escolares-a-mas-de-100-estudiantes-en-la-escuela-n281","status":"publish","type":"post","link":"https:\/\/revistaesperanzas.com\/web\/2026\/03\/la-juventud-radical-de-goya-entrego-utiles-escolares-a-mas-de-100-estudiantes-en-la-escuela-n281\/","title":{"rendered":"LA JUVENTUD RADICAL DE GOYA ENTREG\u00d3 \u00daTILES ESCOLARES A M\u00c1S DE 100 ESTUDIANTES EN LA ESCUELA N\u00b0281"},"content":{"rendered":"<p style=\"font-weight: 400;\">Este pasado martes se vivi\u00f3 una jornada muy especial en la Escuela Primaria N\u00b0281 \u201cSof\u00eda Chalub\u201d, donde la Juventud Radical de Goya llev\u00f3 adelante una actividad solidaria destinada a acompa\u00f1ar el inicio del ciclo lectivo.<a href=\"https:\/\/revistaesperanzas.com\/web\/2026\/03\/la-juventud-radical-de-goya-entrego-utiles-escolares-a-mas-de-100-estudiantes-en-la-escuela-n281\/juventud-radical-3\/\" rel=\"attachment wp-att-146782\"><img loading=\"lazy\" decoding=\"async\" class=\" wp-image-146782 alignleft\" src=\"https:\/\/revistaesperanzas.com\/web\/wp-content\/uploads\/2026\/03\/juventud-radical-3.jpeg\" alt=\"\" width=\"500\" height=\"625\" srcset=\"https:\/\/revistaesperanzas.com\/web\/wp-content\/uploads\/2026\/03\/juventud-radical-3.jpeg 600w, https:\/\/revistaesperanzas.com\/web\/wp-content\/uploads\/2026\/03\/juventud-radical-3-336x420.jpeg 336w\" sizes=\"auto, (max-width: 500px) 100vw, 500px\" \/><\/a><\/p>\n<p style=\"font-weight: 400;\">En el marco de la campa\u00f1a \u201cM\u00e1s \u00datiles M\u00e1s Futuro\u201d, el espacio juvenil logr\u00f3 entregar \u00fatiles escolares y ropa a m\u00e1s de 100 chicos y chicas, con el objetivo de brindar apoyo a los estudiantes y sus familias al comenzar el a\u00f1o escolar, reafirmando adem\u00e1s uno de los pilares hist\u00f3ricos del radicalismo: la defensa de la educaci\u00f3n p\u00fablica.<\/p>\n<p style=\"font-weight: 400;\">Desde la organizaci\u00f3n destacaron el valor simb\u00f3lico y pr\u00e1ctico de cada uno de los elementos entregados. \u201cCreemos profundamente que cada cuaderno, cada l\u00e1piz y cada mochila es una<a href=\"https:\/\/revistaesperanzas.com\/web\/2026\/03\/la-juventud-radical-de-goya-entrego-utiles-escolares-a-mas-de-100-estudiantes-en-la-escuela-n281\/juventud-radical-1\/\" rel=\"attachment wp-att-146783\"><img loading=\"lazy\" decoding=\"async\" class=\" wp-image-146783 alignright\" src=\"https:\/\/revistaesperanzas.com\/web\/wp-content\/uploads\/2026\/03\/juventud-radical-1.jpeg\" alt=\"\" width=\"501\" height=\"626\" srcset=\"https:\/\/revistaesperanzas.com\/web\/wp-content\/uploads\/2026\/03\/juventud-radical-1.jpeg 600w, https:\/\/revistaesperanzas.com\/web\/wp-content\/uploads\/2026\/03\/juventud-radical-1-336x420.jpeg 336w\" sizes=\"auto, (max-width: 501px) 100vw, 501px\" \/><\/a> herramienta para construir oportunidades. Porque cuando apoyamos a nuestros estudiantes, estamos apoyando el futuro de nuestra comunidad\u201d, expresaron.<\/p>\n<p style=\"font-weight: 400;\">Asimismo, los organizadores agradecieron el acompa\u00f1amiento recibido para concretar la iniciativa. En ese sentido, hicieron extensivo su reconocimiento a cada correligionario, amigo y conocido que se sum\u00f3 a la campa\u00f1a con sus donaciones, lo que permiti\u00f3 llevar adelante la actividad solidaria.<\/p>\n<p style=\"font-weight: 400;\">La campa\u00f1a \u201cM\u00e1s \u00datiles M\u00e1s Futuro\u201d busca reforzar la importancia de la educaci\u00f3n y generar m\u00e1s oportunidades para los estudiantes, bajo la premisa de que m\u00e1s \u00fatiles tambi\u00e9n significan m\u00e1s oportunidades, m\u00e1s educaci\u00f3n y m\u00e1s futuro para la comunidad.<\/p>\n","protected":false},"excerpt":{"rendered":"<p>Este pasado martes se vivi\u00f3 una jornada muy especial en la Escuela Primaria N\u00b0281 \u201cSof\u00eda Chalub\u201d, donde la Juventud Radical de Goya llev\u00f3 adelante una actividad solidaria destinada a acompa\u00f1ar el inicio del ciclo lectivo. En el marco de la campa\u00f1a \u201cM\u00e1s \u00datiles M\u00e1s Futuro\u201d, el espacio juvenil logr\u00f3 entregar \u00fatiles escolares y ropa a [&hellip;]<\/p>\n","protected":false},"author":4,"featured_media":146781,"comment_status":"closed","ping_status":"closed","sticky":false,"template":"","format":"standard","meta":{"footnotes":""},"categories":[45],"tags":[],"class_list":{"0":"post-146780","1":"post","2":"type-post","3":"status-publish","4":"format-standard","5":"has-post-thumbnail","7":"category-locales"},"_links":{"self":[{"href":"https:\/\/revistaesperanzas.com\/web\/wp-json\/wp\/v2\/posts\/146780","targetHints":{"allow":["GET"]}}],"collection":[{"href":"https:\/\/revistaesperanzas.com\/web\/wp-json\/wp\/v2\/posts"}],"about":[{"href":"https:\/\/revistaesperanzas.com\/web\/wp-json\/wp\/v2\/types\/post"}],"author":[{"embeddable":true,"href":"https:\/\/revistaesperanzas.com\/web\/wp-json\/wp\/v2\/users\/4"}],"replies":[{"embeddable":true,"href":"https:\/\/revistaesperanzas.com\/web\/wp-json\/wp\/v2\/comments?post=146780"}],"version-history":[{"count":2,"href":"https:\/\/revistaesperanzas.com\/web\/wp-json\/wp\/v2\/posts\/146780\/revisions"}],"predecessor-version":[{"id":146785,"href":"https:\/\/revistaesperanzas.com\/web\/wp-json\/wp\/v2\/posts\/146780\/revisions\/146785"}],"wp:featuredmedia":[{"embeddable":true,"href":"https:\/\/revistaesperanzas.com\/web\/wp-json\/wp\/v2\/media\/146781"}],"wp:attachment":[{"href":"https:\/\/revistaesperanzas.com\/web\/wp-json\/wp\/v2\/media?parent=146780"}],"wp:term":[{"taxonomy":"category","embeddable":true,"href":"https:\/\/revistaesperanzas.com\/web\/wp-json\/wp\/v2\/categories?post=146780"},{"taxonomy":"post_tag","embeddable":true,"href":"https:\/\/revistaesperanzas.com\/web\/wp-json\/wp\/v2\/tags?post=146780"}],"curies":[{"name":"wp","href":"https:\/\/api.w.org\/{rel}","templated":true}]}}