{"id":146786,"date":"2026-03-12T20:58:47","date_gmt":"2026-03-12T23:58:47","guid":{"rendered":"https:\/\/revistaesperanzas.com\/web\/?p=146786"},"modified":"2026-03-12T20:58:47","modified_gmt":"2026-03-12T23:58:47","slug":"goya-baila-herramienta-de-integracion-social-y-promocion-del-movimiento-saludable","status":"publish","type":"post","link":"https:\/\/revistaesperanzas.com\/web\/2026\/03\/goya-baila-herramienta-de-integracion-social-y-promocion-del-movimiento-saludable\/","title":{"rendered":"\u201cGOYA BAILA\u201d: HERRAMIENTA DE INTEGRACI\u00d3N SOCIAL Y PROMOCI\u00d3N DEL MOVIMIENTO SALUDABLE"},"content":{"rendered":"<p style=\"font-weight: 400;\">En el marco del D\u00eda Internacional de la Mujer, que se conmemora cada 8 de marzo, la concejal Gabriela Refojos expres\u00f3 sus reflexiones sobre el papel de la mujer en la sociedad y destac\u00f3 las acciones que desde el municipio se llevan adelante para promover la igualdad y la participaci\u00f3n femenina. Adem\u00e1s, hizo referencia a una de las actividades recientes del programa municipal \u201cGoya Baila\u201d, orientada a fomentar el movimiento, la vida saludable y la integraci\u00f3n social en la ciudad.<a href=\"https:\/\/revistaesperanzas.com\/web\/2026\/03\/goya-baila-herramienta-de-integracion-social-y-promocion-del-movimiento-saludable\/ilustracion-nota-a-gabriela-refojos-2-goya-baila\/\" rel=\"attachment wp-att-146788\"><img loading=\"lazy\" decoding=\"async\" class=\"alignnone  wp-image-146788\" src=\"https:\/\/revistaesperanzas.com\/web\/wp-content\/uploads\/2026\/03\/ilustracion-nota-a-Gabriela-Refojos-2-Goya-Baila.jpg\" alt=\"\" width=\"685\" height=\"486\" srcset=\"https:\/\/revistaesperanzas.com\/web\/wp-content\/uploads\/2026\/03\/ilustracion-nota-a-Gabriela-Refojos-2-Goya-Baila.jpg 578w, https:\/\/revistaesperanzas.com\/web\/wp-content\/uploads\/2026\/03\/ilustracion-nota-a-Gabriela-Refojos-2-Goya-Baila-100x70.jpg 100w\" sizes=\"auto, (max-width: 685px) 100vw, 685px\" \/><\/a><\/p>\n<p style=\"font-weight: 400;\">\u201cEs importante recordar que el programa Goya Baila es totalmente gratuito y es una iniciativa municipal\u201d explic\u00f3 la edil. \u201cDesde el principio formamos un gran equipo de trabajo con algunos profesores que nos acompa\u00f1aron en diferentes etapas. La coordinadora de esta actividad es Gladis L\u00f3pez Beltr\u00e1n, una profesora con mucha afinidad y car\u00e1cter humanitario, que siempre prioriza el respeto y la empat\u00eda en su labor\u201d.<\/p>\n<p style=\"font-weight: 400;\">La concejal resalt\u00f3 que \u201cel programa \u2018Mujeres que se Mueven\u2019, que se desarroll\u00f3 el jueves 5 de marzo en la Estaci\u00f3n de los Ni\u00f1os (antiguo ferrocarril), forma parte de esa iniciativa. La actividad busca promover el movimiento y la vida saludable, adem\u00e1s de fortalecer la integraci\u00f3n social de las mujeres en la comunidad\u201d.<\/p>\n<p style=\"font-weight: 400;\">\u00a0POTENCIAR LAS HABILIDADES Y CAPACIDADES DE LA MUJER<\/p>\n<p style=\"font-weight: 400;\">Sobre la importancia del rol femenino, Refojos afirm\u00f3: \u201cNo solo queremos destacar el papel del hombre, que cumple una funci\u00f3n fundamental en la ciudad, sino tambi\u00e9n reconocer que las mujeres hemos ido ganando espacios en la sociedad, en el trabajo y en diferentes funciones y roles. La mujer, con el paso de los a\u00f1os, ha demostrado que tiene un potencial enorme, incluso m\u00e1s que los hombres en muchos aspectos. No digo que siempre, pero s\u00ed que las mujeres somos personas con capacidades y habilidades que debemos valorar y<a href=\"https:\/\/revistaesperanzas.com\/web\/2026\/03\/goya-baila-herramienta-de-integracion-social-y-promocion-del-movimiento-saludable\/ilustracion-nota-a-gabriela-refojos-3\/\" rel=\"attachment wp-att-146789\"><img loading=\"lazy\" decoding=\"async\" class=\" wp-image-146789 alignright\" src=\"https:\/\/revistaesperanzas.com\/web\/wp-content\/uploads\/2026\/03\/ilustracion-nota-a-Gabriela-Refojos-3.jpg\" alt=\"\" width=\"501\" height=\"626\" srcset=\"https:\/\/revistaesperanzas.com\/web\/wp-content\/uploads\/2026\/03\/ilustracion-nota-a-Gabriela-Refojos-3.jpg 600w, https:\/\/revistaesperanzas.com\/web\/wp-content\/uploads\/2026\/03\/ilustracion-nota-a-Gabriela-Refojos-3-336x420.jpg 336w\" sizes=\"auto, (max-width: 501px) 100vw, 501px\" \/><\/a> potenciar\u201d.<\/p>\n<p style=\"font-weight: 400;\">TRANSFORMACI\u00d3N CULTURAL<\/p>\n<p style=\"font-weight: 400;\">La concejal tambi\u00e9n hizo \u00e9nfasis en el proceso de transformaci\u00f3n cultural que ha permitido a las mujeres ocupar espacios que antes no ten\u00edan. \u201cHemos demostrado que tenemos una capacidad incre\u00edble, y eso es muy valioso. Lo logramos con el tiempo, y hoy ocupamos diferentes \u00e1mbitos. Somos necesarias y estamos para colaborar desde el lugar que nos toque estar\u201d.<\/p>\n<p style=\"font-weight: 400;\">La madrina del programa invit\u00f3 a la comunidad a seguir participando en las actividades de \u201cGoya Baila\u201d, que tiene presencia en redes sociales como Facebook e Instagram. \u201cAll\u00ed pueden hacer consultas o presentar ideas y proyectos. Si hay vecinos interesados en colaborar o en proponer iniciativas, los invitamos a acercar sus proyectos, que pueden ser superadores y que, aunque no siempre podemos ver como legisladores municipales, podemos trabajar para concretarlos en beneficio de todos\u201d, asegur\u00f3.<\/p>\n<p style=\"font-weight: 400;\">PARTICIPACI\u00d3N ACTIVA DE LAS MUJERES<\/p>\n<p style=\"font-weight: 400;\">Finalmente, la concejal Gabriela Refojos, en el contacto con Radio Ciudad, destac\u00f3 que \u201cestas acciones buscan fortalecer el compromiso del municipio con la igualdad de g\u00e9nero, la participaci\u00f3n activa de las mujeres y la promoci\u00f3n de estilos de vida saludables, en un esfuerzo conjunto por construir una comunidad m\u00e1s inclusiva y participativa\u201d.<\/p>\n","protected":false},"excerpt":{"rendered":"<p>En el marco del D\u00eda Internacional de la Mujer, que se conmemora cada 8 de marzo, la concejal Gabriela Refojos expres\u00f3 sus reflexiones sobre el papel de la mujer en la sociedad y destac\u00f3 las acciones que desde el municipio se llevan adelante para promover la igualdad y la participaci\u00f3n femenina. Adem\u00e1s, hizo referencia a [&hellip;]<\/p>\n","protected":false},"author":4,"featured_media":146787,"comment_status":"closed","ping_status":"closed","sticky":false,"template":"","format":"standard","meta":{"footnotes":""},"categories":[45],"tags":[],"class_list":{"0":"post-146786","1":"post","2":"type-post","3":"status-publish","4":"format-standard","5":"has-post-thumbnail","7":"category-locales"},"_links":{"self":[{"href":"https:\/\/revistaesperanzas.com\/web\/wp-json\/wp\/v2\/posts\/146786","targetHints":{"allow":["GET"]}}],"collection":[{"href":"https:\/\/revistaesperanzas.com\/web\/wp-json\/wp\/v2\/posts"}],"about":[{"href":"https:\/\/revistaesperanzas.com\/web\/wp-json\/wp\/v2\/types\/post"}],"author":[{"embeddable":true,"href":"https:\/\/revistaesperanzas.com\/web\/wp-json\/wp\/v2\/users\/4"}],"replies":[{"embeddable":true,"href":"https:\/\/revistaesperanzas.com\/web\/wp-json\/wp\/v2\/comments?post=146786"}],"version-history":[{"count":2,"href":"https:\/\/revistaesperanzas.com\/web\/wp-json\/wp\/v2\/posts\/146786\/revisions"}],"predecessor-version":[{"id":146791,"href":"https:\/\/revistaesperanzas.com\/web\/wp-json\/wp\/v2\/posts\/146786\/revisions\/146791"}],"wp:featuredmedia":[{"embeddable":true,"href":"https:\/\/revistaesperanzas.com\/web\/wp-json\/wp\/v2\/media\/146787"}],"wp:attachment":[{"href":"https:\/\/revistaesperanzas.com\/web\/wp-json\/wp\/v2\/media?parent=146786"}],"wp:term":[{"taxonomy":"category","embeddable":true,"href":"https:\/\/revistaesperanzas.com\/web\/wp-json\/wp\/v2\/categories?post=146786"},{"taxonomy":"post_tag","embeddable":true,"href":"https:\/\/revistaesperanzas.com\/web\/wp-json\/wp\/v2\/tags?post=146786"}],"curies":[{"name":"wp","href":"https:\/\/api.w.org\/{rel}","templated":true}]}}