{"id":146792,"date":"2026-03-12T21:00:27","date_gmt":"2026-03-13T00:00:27","guid":{"rendered":"https:\/\/revistaesperanzas.com\/web\/?p=146792"},"modified":"2026-03-12T21:00:27","modified_gmt":"2026-03-13T00:00:27","slug":"charla-sobre-puericultura","status":"publish","type":"post","link":"https:\/\/revistaesperanzas.com\/web\/2026\/03\/charla-sobre-puericultura\/","title":{"rendered":"CHARLA SOBRE PUERICULTURA"},"content":{"rendered":"<p style=\"font-weight: 400;\">En el mes de la Mujer y la Puericultura<\/p>\n<p style=\"font-weight: 400;\">De manera gratuita, el viernes 13 de marzo a las 19 horas, en el Centro Regional Goya, sito en calle Col\u00f3n 538, la puericultora nacional Cecilia Zoloaga brindar\u00e1 una charla sobre esta tem\u00e1tica, a la cual entiende como un \u201cacto de amor\u201d que evita enfermedades.<\/p>\n<p style=\"font-weight: 400;\">La puericultura es la disciplina cient\u00edfica y pr\u00e1ctica centrada en el cuidado integral, crianza y desarrollo saludable de los ni\u00f1os (f\u00edsico, emocional y social), desde la etapa prenatal hasta la primera infancia. Sus principales pilares incluyen el fomento de la lactancia humana, la prevenci\u00f3n de enfermedades y el acompa\u00f1amiento familiar.<\/p>\n<p style=\"font-weight: 400;\">En nuestro pa\u00eds se celebra el D\u00eda de la Puericultura, el 17 de marzo.<\/p>\n","protected":false},"excerpt":{"rendered":"<p>En el mes de la Mujer y la Puericultura De manera gratuita, el viernes 13 de marzo a las 19 horas, en el Centro Regional Goya, sito en calle Col\u00f3n 538, la puericultora nacional Cecilia Zoloaga brindar\u00e1 una charla sobre esta tem\u00e1tica, a la cual entiende como un \u201cacto de amor\u201d que evita enfermedades. La [&hellip;]<\/p>\n","protected":false},"author":4,"featured_media":146793,"comment_status":"closed","ping_status":"closed","sticky":false,"template":"","format":"standard","meta":{"footnotes":""},"categories":[45],"tags":[],"class_list":{"0":"post-146792","1":"post","2":"type-post","3":"status-publish","4":"format-standard","5":"has-post-thumbnail","7":"category-locales"},"_links":{"self":[{"href":"https:\/\/revistaesperanzas.com\/web\/wp-json\/wp\/v2\/posts\/146792","targetHints":{"allow":["GET"]}}],"collection":[{"href":"https:\/\/revistaesperanzas.com\/web\/wp-json\/wp\/v2\/posts"}],"about":[{"href":"https:\/\/revistaesperanzas.com\/web\/wp-json\/wp\/v2\/types\/post"}],"author":[{"embeddable":true,"href":"https:\/\/revistaesperanzas.com\/web\/wp-json\/wp\/v2\/users\/4"}],"replies":[{"embeddable":true,"href":"https:\/\/revistaesperanzas.com\/web\/wp-json\/wp\/v2\/comments?post=146792"}],"version-history":[{"count":1,"href":"https:\/\/revistaesperanzas.com\/web\/wp-json\/wp\/v2\/posts\/146792\/revisions"}],"predecessor-version":[{"id":146794,"href":"https:\/\/revistaesperanzas.com\/web\/wp-json\/wp\/v2\/posts\/146792\/revisions\/146794"}],"wp:featuredmedia":[{"embeddable":true,"href":"https:\/\/revistaesperanzas.com\/web\/wp-json\/wp\/v2\/media\/146793"}],"wp:attachment":[{"href":"https:\/\/revistaesperanzas.com\/web\/wp-json\/wp\/v2\/media?parent=146792"}],"wp:term":[{"taxonomy":"category","embeddable":true,"href":"https:\/\/revistaesperanzas.com\/web\/wp-json\/wp\/v2\/categories?post=146792"},{"taxonomy":"post_tag","embeddable":true,"href":"https:\/\/revistaesperanzas.com\/web\/wp-json\/wp\/v2\/tags?post=146792"}],"curies":[{"name":"wp","href":"https:\/\/api.w.org\/{rel}","templated":true}]}}