{"id":146795,"date":"2026-03-12T21:02:16","date_gmt":"2026-03-13T00:02:16","guid":{"rendered":"https:\/\/revistaesperanzas.com\/web\/?p=146795"},"modified":"2026-03-12T21:02:16","modified_gmt":"2026-03-13T00:02:16","slug":"agenda-turistica-enriquecida-tras-la-integracion-de-cultura-y-deportes-a-la-secretaria-de-turismo","status":"publish","type":"post","link":"https:\/\/revistaesperanzas.com\/web\/2026\/03\/agenda-turistica-enriquecida-tras-la-integracion-de-cultura-y-deportes-a-la-secretaria-de-turismo\/","title":{"rendered":"AGENDA TUR\u00cdSTICA ENRIQUECIDA TRAS LA INTEGRACI\u00d3N DE CULTURA Y DEPORTES A LA SECRETAR\u00cdA DE TURISMO"},"content":{"rendered":"<p style=\"font-weight: 400;\">\u00a0En una reciente entrevista, el secretario de Turismo Sebasti\u00e1n Candia De Biasio abord\u00f3 diversos temas clave para el desarrollo tur\u00edstico de la ciudad.<\/p>\n<p style=\"font-weight: 400;\">Uno de los puntos destacados fue el anuncio de la integraci\u00f3n de las direcciones de Cultura y Deportes a la Secretar\u00eda de Turismo. El funcionario expres\u00f3 su optimismo ante este cambio en el organigrama municipal, resaltando que &#8220;ser\u00e1 una cuesti\u00f3n positiva&#8221;. Subray\u00f3 la val\u00eda de los directores de ambas \u00e1reas y anticip\u00f3 la formaci\u00f3n de &#8220;un buen equipo de trabajo&#8221;, gracias a la experiencia y el &#8220;sentido de pertenencia a las actividades deportivas y culturales&#8221; de sus integrantes.<a href=\"https:\/\/revistaesperanzas.com\/web\/2026\/03\/agenda-turistica-enriquecida-tras-la-integracion-de-cultura-y-deportes-a-la-secretaria-de-turismo\/agenda-tursitica-integracion-cultura-y-deporte-a-turismo-ilustracion-1\/\" rel=\"attachment wp-att-146797\"><img loading=\"lazy\" decoding=\"async\" class=\" wp-image-146797 alignleft\" src=\"https:\/\/revistaesperanzas.com\/web\/wp-content\/uploads\/2026\/03\/agenda-tursitica-integracion-cultura-y-deporte-a-turismo-ilustracion-1.jpg\" alt=\"\" width=\"708\" height=\"471\" \/><\/a><\/p>\n<p style=\"font-weight: 400;\">El secretario vislumbra una &#8220;agenda tur\u00edstica muy rica&#8221; como resultado de esta sinergia, reconociendo que en 2025 no se logr\u00f3 plasmar todas las actividades en un calendario unificado. Sin embargo, conf\u00eda en que esta modificaci\u00f3n permitir\u00e1 &#8220;trabajar mejor&#8221; y optimizar el uso de los recursos econ\u00f3micos y humanos.<\/p>\n<p style=\"font-weight: 400;\">FORTALECIMIENTO DE LOS ATRACTIVOS TUR\u00cdSTICOS<\/p>\n<p style=\"font-weight: 400;\">Durante la entrevista mantenida con Radio Ciudad, Sebasti\u00e1n Candia se mostr\u00f3 entusiasmado con las perspectivas para el a\u00f1o en curso, mencionando la pr\u00f3xima inauguraci\u00f3n de obras importantes que &#8220;cambiar\u00e1n el ritmo de vida de la ciudad&#8221; y generar\u00e1n &#8220;muchas expectativas&#8221;. Adem\u00e1s, reafirm\u00f3 el compromiso de seguir fortaleciendo los atractivos tur\u00edsticos existentes, manifestando su satisfacci\u00f3n por los avances logrados hasta el momento.<\/p>\n","protected":false},"excerpt":{"rendered":"<p>\u00a0En una reciente entrevista, el secretario de Turismo Sebasti\u00e1n Candia De Biasio abord\u00f3 diversos temas clave para el desarrollo tur\u00edstico de la ciudad. Uno de los puntos destacados fue el anuncio de la integraci\u00f3n de las direcciones de Cultura y Deportes a la Secretar\u00eda de Turismo. El funcionario expres\u00f3 su optimismo ante este cambio en [&hellip;]<\/p>\n","protected":false},"author":4,"featured_media":146796,"comment_status":"closed","ping_status":"closed","sticky":false,"template":"","format":"standard","meta":{"footnotes":""},"categories":[45],"tags":[],"class_list":{"0":"post-146795","1":"post","2":"type-post","3":"status-publish","4":"format-standard","5":"has-post-thumbnail","7":"category-locales"},"_links":{"self":[{"href":"https:\/\/revistaesperanzas.com\/web\/wp-json\/wp\/v2\/posts\/146795","targetHints":{"allow":["GET"]}}],"collection":[{"href":"https:\/\/revistaesperanzas.com\/web\/wp-json\/wp\/v2\/posts"}],"about":[{"href":"https:\/\/revistaesperanzas.com\/web\/wp-json\/wp\/v2\/types\/post"}],"author":[{"embeddable":true,"href":"https:\/\/revistaesperanzas.com\/web\/wp-json\/wp\/v2\/users\/4"}],"replies":[{"embeddable":true,"href":"https:\/\/revistaesperanzas.com\/web\/wp-json\/wp\/v2\/comments?post=146795"}],"version-history":[{"count":2,"href":"https:\/\/revistaesperanzas.com\/web\/wp-json\/wp\/v2\/posts\/146795\/revisions"}],"predecessor-version":[{"id":146799,"href":"https:\/\/revistaesperanzas.com\/web\/wp-json\/wp\/v2\/posts\/146795\/revisions\/146799"}],"wp:featuredmedia":[{"embeddable":true,"href":"https:\/\/revistaesperanzas.com\/web\/wp-json\/wp\/v2\/media\/146796"}],"wp:attachment":[{"href":"https:\/\/revistaesperanzas.com\/web\/wp-json\/wp\/v2\/media?parent=146795"}],"wp:term":[{"taxonomy":"category","embeddable":true,"href":"https:\/\/revistaesperanzas.com\/web\/wp-json\/wp\/v2\/categories?post=146795"},{"taxonomy":"post_tag","embeddable":true,"href":"https:\/\/revistaesperanzas.com\/web\/wp-json\/wp\/v2\/tags?post=146795"}],"curies":[{"name":"wp","href":"https:\/\/api.w.org\/{rel}","templated":true}]}}