{"id":146800,"date":"2026-03-12T21:05:33","date_gmt":"2026-03-13T00:05:33","guid":{"rendered":"https:\/\/revistaesperanzas.com\/web\/?p=146800"},"modified":"2026-03-12T21:05:33","modified_gmt":"2026-03-13T00:05:33","slug":"el-intendente-mariano-hormaechea-impulsa-la-inclusion-digital","status":"publish","type":"post","link":"https:\/\/revistaesperanzas.com\/web\/2026\/03\/el-intendente-mariano-hormaechea-impulsa-la-inclusion-digital\/","title":{"rendered":"EL INTENDENTE MARIANO HORMAECHEA IMPULSA LA INCLUSI\u00d3N DIGITAL"},"content":{"rendered":"<p style=\"font-weight: 400;\">Planificaci\u00f3n de la continuidad del Programa \u201cMayor Conectividad\u201d<\/p>\n<p style=\"font-weight: 400;\">En una reuni\u00f3n estrat\u00e9gica celebrada en la Usina del Conocimiento, la Secretar\u00eda de Modernizaci\u00f3n y la Direcci\u00f3n de Fortalecimiento Familiar coordinaron las acciones para el ciclo 2026 de alfabetizaci\u00f3n digital destinada a adultos mayores.<\/p>\n<p style=\"font-weight: 400;\">La gesti\u00f3n municipal del Intendente Dr. Mariano Hormaechea contin\u00faa fortaleciendo sus<a href=\"https:\/\/revistaesperanzas.com\/web\/2026\/03\/el-intendente-mariano-hormaechea-impulsa-la-inclusion-digital\/foto-2\/\" rel=\"attachment wp-att-146802\"><img loading=\"lazy\" decoding=\"async\" class=\" wp-image-146802 alignleft\" src=\"https:\/\/revistaesperanzas.com\/web\/wp-content\/uploads\/2026\/03\/foto-2.jpeg\" alt=\"\" width=\"695\" height=\"475\" srcset=\"https:\/\/revistaesperanzas.com\/web\/wp-content\/uploads\/2026\/03\/foto-2.jpeg 600w, https:\/\/revistaesperanzas.com\/web\/wp-content\/uploads\/2026\/03\/foto-2-218x150.jpeg 218w\" sizes=\"auto, (max-width: 695px) 100vw, 695px\" \/><\/a> pilares de Modernizaci\u00f3n, Inclusi\u00f3n y Desarrollo. En este marco, este jueves 12 de marzo se llev\u00f3 adelante un encuentro clave para delinear la hoja de ruta del programa \u201cMayor Conectividad\u201d, una iniciativa que busca reducir la\u00a0brecha digital y empoderar a los ciudadanos adultos mayores.<\/p>\n<p style=\"font-weight: 400;\">El programa es el resultado de un intenso trabajo articulado entre la Secretar\u00eda de Modernizaci\u00f3n, Innovaci\u00f3n y Desarrollo Tecnol\u00f3gico, liderada por el Cr. Andr\u00e9s Zajarevich, y la Direcci\u00f3n de Fortalecimiento Familiar, a cargo de Sylvina Ram\u00edrez. Ambas \u00e1reas coinciden en que la modernizaci\u00f3n del Estado s\u00f3lo es efectiva\u00a0cuando llega a todos los sectores de la sociedad, transformando la tecnolog\u00eda en una herramienta de cercan\u00eda y autonom\u00eda.<\/p>\n<p style=\"font-weight: 400;\">Alfabetizaci\u00f3n y autonom\u00eda.<\/p>\n<p style=\"font-weight: 400;\">Durante la reuni\u00f3n, se ultimaron detalles para el inicio de los talleres de alfabetizaci\u00f3n digital. La propuesta busca que los adultos mayores de nuestra ciudad, adquieran habilidades en el uso de dispositivos m\u00f3viles y computadoras, permiti\u00e9ndoles realizar tr\u00e1mites, comunicarse y navegar de forma segura y con total confianza.<\/p>\n<p style=\"font-weight: 400;\">\u201cBajo la visi\u00f3n estrat\u00e9gica del intendente Hormaechea, se entiende que el desarrollo de Goya s\u00f3lo es completo si es inclusivo. \u201cMayor Conectividad\u201d no es solo un curso, es una<a href=\"https:\/\/revistaesperanzas.com\/web\/2026\/03\/el-intendente-mariano-hormaechea-impulsa-la-inclusion-digital\/foto-3\/\" rel=\"attachment wp-att-146803\"><img loading=\"lazy\" decoding=\"async\" class=\" wp-image-146803 alignleft\" src=\"https:\/\/revistaesperanzas.com\/web\/wp-content\/uploads\/2026\/03\/foto-3.jpeg\" alt=\"\" width=\"695\" height=\"521\" srcset=\"https:\/\/revistaesperanzas.com\/web\/wp-content\/uploads\/2026\/03\/foto-3.jpeg 600w, https:\/\/revistaesperanzas.com\/web\/wp-content\/uploads\/2026\/03\/foto-3-560x420.jpeg 560w, https:\/\/revistaesperanzas.com\/web\/wp-content\/uploads\/2026\/03\/foto-3-80x60.jpeg 80w, https:\/\/revistaesperanzas.com\/web\/wp-content\/uploads\/2026\/03\/foto-3-265x198.jpeg 265w\" sizes=\"auto, (max-width: 695px) 100vw, 695px\" \/><\/a> pol\u00edtica p\u00fablica que garantiza que nuestros mayores sean protagonistas de la ciudad moderna que estamos construyendo juntos\u201d, destacaron desde la organizaci\u00f3n.<\/p>\n<p style=\"font-weight: 400;\">Con esta acci\u00f3n, la Municipalidad de Goya reafirma su compromiso de seguir invirtiendo en el capital humano y en la integraci\u00f3n tecnol\u00f3gica, consolidando un ecosistema donde la innovaci\u00f3n est\u00e1 al servicio de la gente.<\/p>\n","protected":false},"excerpt":{"rendered":"<p>Planificaci\u00f3n de la continuidad del Programa \u201cMayor Conectividad\u201d En una reuni\u00f3n estrat\u00e9gica celebrada en la Usina del Conocimiento, la Secretar\u00eda de Modernizaci\u00f3n y la Direcci\u00f3n de Fortalecimiento Familiar coordinaron las acciones para el ciclo 2026 de alfabetizaci\u00f3n digital destinada a adultos mayores. La gesti\u00f3n municipal del Intendente Dr. Mariano Hormaechea contin\u00faa fortaleciendo sus pilares de [&hellip;]<\/p>\n","protected":false},"author":4,"featured_media":146801,"comment_status":"closed","ping_status":"closed","sticky":false,"template":"","format":"standard","meta":{"footnotes":""},"categories":[45],"tags":[],"class_list":{"0":"post-146800","1":"post","2":"type-post","3":"status-publish","4":"format-standard","5":"has-post-thumbnail","7":"category-locales"},"_links":{"self":[{"href":"https:\/\/revistaesperanzas.com\/web\/wp-json\/wp\/v2\/posts\/146800","targetHints":{"allow":["GET"]}}],"collection":[{"href":"https:\/\/revistaesperanzas.com\/web\/wp-json\/wp\/v2\/posts"}],"about":[{"href":"https:\/\/revistaesperanzas.com\/web\/wp-json\/wp\/v2\/types\/post"}],"author":[{"embeddable":true,"href":"https:\/\/revistaesperanzas.com\/web\/wp-json\/wp\/v2\/users\/4"}],"replies":[{"embeddable":true,"href":"https:\/\/revistaesperanzas.com\/web\/wp-json\/wp\/v2\/comments?post=146800"}],"version-history":[{"count":2,"href":"https:\/\/revistaesperanzas.com\/web\/wp-json\/wp\/v2\/posts\/146800\/revisions"}],"predecessor-version":[{"id":146805,"href":"https:\/\/revistaesperanzas.com\/web\/wp-json\/wp\/v2\/posts\/146800\/revisions\/146805"}],"wp:featuredmedia":[{"embeddable":true,"href":"https:\/\/revistaesperanzas.com\/web\/wp-json\/wp\/v2\/media\/146801"}],"wp:attachment":[{"href":"https:\/\/revistaesperanzas.com\/web\/wp-json\/wp\/v2\/media?parent=146800"}],"wp:term":[{"taxonomy":"category","embeddable":true,"href":"https:\/\/revistaesperanzas.com\/web\/wp-json\/wp\/v2\/categories?post=146800"},{"taxonomy":"post_tag","embeddable":true,"href":"https:\/\/revistaesperanzas.com\/web\/wp-json\/wp\/v2\/tags?post=146800"}],"curies":[{"name":"wp","href":"https:\/\/api.w.org\/{rel}","templated":true}]}}