{"id":146806,"date":"2026-03-12T21:07:54","date_gmt":"2026-03-13T00:07:54","guid":{"rendered":"https:\/\/revistaesperanzas.com\/web\/?p=146806"},"modified":"2026-03-12T21:07:54","modified_gmt":"2026-03-13T00:07:54","slug":"48-anos-de-la-escuela-municipal-de-musica-don-alcides-romero","status":"publish","type":"post","link":"https:\/\/revistaesperanzas.com\/web\/2026\/03\/48-anos-de-la-escuela-municipal-de-musica-don-alcides-romero\/","title":{"rendered":"48 A\u00d1OS DE LA ESCUELA MUNICIPAL DE M\u00daSICA \u201cDON ALCIDES ROMERO\u201d"},"content":{"rendered":"<p style=\"font-weight: 400;\">La Escuela Municipal de M\u00fasica naci\u00f3 el 13 de marzo de 1978, gracias al sue\u00f1o y la dedicaci\u00f3n de don Alcides Romero, quien crey\u00f3 profundamente en la m\u00fasica como herramienta de formaci\u00f3n, disciplina y encuentro para la comunidad.<\/p>\n<p style=\"font-weight: 400;\">En sus comienzos, la escuela tuvo como principal objetivo la formaci\u00f3n de m\u00fasicos para integrar la Banda Municipal, preparando tambi\u00e9n a muchos j\u00f3venes que luego continuaron su camino en las fuerzas militares. Los primeros formadores fueron don Juan Gregorio Zamudio y don Manuel Sol\u00eds, maestros que con vocaci\u00f3n y compromiso transmitieron los primeros conocimientos musicales y sembraron las bases de esta querida instituci\u00f3n.<a href=\"https:\/\/revistaesperanzas.com\/web\/2026\/03\/48-anos-de-la-escuela-municipal-de-musica-don-alcides-romero\/escuela-municipal-de-musica-don-alcides-romero-actual-ilustracion\/\" rel=\"attachment wp-att-146808\"><img loading=\"lazy\" decoding=\"async\" class=\"alignnone  wp-image-146808\" src=\"https:\/\/revistaesperanzas.com\/web\/wp-content\/uploads\/2026\/03\/Escuela-Municipal-de-Musica-Don-Alcides-Romero-actual-ilustracion.jpg\" alt=\"\" width=\"684\" height=\"456\" \/><\/a><\/p>\n<p style=\"font-weight: 400;\">En aquellos a\u00f1os, la ense\u00f1anza estaba orientada principalmente a bater\u00eda y a instrumentos de viento, como saxof\u00f3n, tuba, trompeta y tromb\u00f3n, y la formaci\u00f3n estaba destinada \u00fanicamente a varones.<\/p>\n<p style=\"font-weight: 400;\">Con el paso del tiempo, la escuela fue creciendo y adapt\u00e1ndose a los cambios de la sociedad. A finales de la d\u00e9cada de 1980 y principios de 1990 se incorporaron las primeras mujeres, marcando un momento muy importante en su historia. Con esta nueva etapa tambi\u00e9n se ampliaron los instrumentos y las posibilidades de formaci\u00f3n, sum\u00e1ndose \u00f3rgano el\u00e9ctrico, clarinete, flauta traversa, guitarra criolla, acorde\u00f3n, viol\u00edn, violonchelo y bajo el\u00e9ctrico, enriqueciendo as\u00ed la propuesta musical.<\/p>\n<p style=\"font-weight: 400;\">En los \u00faltimos a\u00f1os, la escuela ha dado un nuevo paso en su crecimiento acad\u00e9mico. Desde hace aproximadamente cuatro a\u00f1os, trabaja en conjunto con el Conservatorio Fracassi, fortaleciendo la formaci\u00f3n te\u00f3rica de los estudiantes.<\/p>\n<p style=\"font-weight: 400;\">Como resultado de ese esfuerzo, en el a\u00f1o 2025 egres\u00f3 la primera promoci\u00f3n de profesores de Teor\u00eda y Solfeo, un logro que llena de orgullo a toda la comunidad educativa.<\/p>\n<p style=\"font-weight: 400;\">Hoy, despu\u00e9s de tantos a\u00f1os de historia, la Escuela Municipal de M\u00fasica \u201cDon Alcides Romero\u201d contin\u00faa formando m\u00fasicos, cultivando valores y manteniendo viva la pasi\u00f3n por la m\u00fasica. Cada alumno, cada docente y cada melod\u00eda forman parte de un legado que comenz\u00f3 con un sue\u00f1o y que hoy sigue creciendo en cada nueva generaci\u00f3n.<\/p>\n<p style=\"font-weight: 400;\">Porque la m\u00fasica no solo se aprende\u2026 tambi\u00e9n se comparte, se siente y se transmite de coraz\u00f3n a coraz\u00f3n.<\/p>\n<p style=\"font-weight: 400;\">Durante este tiempo transcurrido ejercieron la funci\u00f3n de directores, o coordinadores, cumpliendo con el objetivo de acompa\u00f1ar este proceso formativo musical:\u00a0Raquel Palacios (directora), Jorge Elgul (director), Daniel Quiroz (coordinador), y actualmente, su director es Lisandro D. Mart\u00ednez.<\/p>\n","protected":false},"excerpt":{"rendered":"<p>La Escuela Municipal de M\u00fasica naci\u00f3 el 13 de marzo de 1978, gracias al sue\u00f1o y la dedicaci\u00f3n de don Alcides Romero, quien crey\u00f3 profundamente en la m\u00fasica como herramienta de formaci\u00f3n, disciplina y encuentro para la comunidad. En sus comienzos, la escuela tuvo como principal objetivo la formaci\u00f3n de m\u00fasicos para integrar la Banda [&hellip;]<\/p>\n","protected":false},"author":4,"featured_media":146807,"comment_status":"closed","ping_status":"closed","sticky":false,"template":"","format":"standard","meta":{"footnotes":""},"categories":[45],"tags":[],"class_list":{"0":"post-146806","1":"post","2":"type-post","3":"status-publish","4":"format-standard","5":"has-post-thumbnail","7":"category-locales"},"_links":{"self":[{"href":"https:\/\/revistaesperanzas.com\/web\/wp-json\/wp\/v2\/posts\/146806","targetHints":{"allow":["GET"]}}],"collection":[{"href":"https:\/\/revistaesperanzas.com\/web\/wp-json\/wp\/v2\/posts"}],"about":[{"href":"https:\/\/revistaesperanzas.com\/web\/wp-json\/wp\/v2\/types\/post"}],"author":[{"embeddable":true,"href":"https:\/\/revistaesperanzas.com\/web\/wp-json\/wp\/v2\/users\/4"}],"replies":[{"embeddable":true,"href":"https:\/\/revistaesperanzas.com\/web\/wp-json\/wp\/v2\/comments?post=146806"}],"version-history":[{"count":2,"href":"https:\/\/revistaesperanzas.com\/web\/wp-json\/wp\/v2\/posts\/146806\/revisions"}],"predecessor-version":[{"id":146810,"href":"https:\/\/revistaesperanzas.com\/web\/wp-json\/wp\/v2\/posts\/146806\/revisions\/146810"}],"wp:featuredmedia":[{"embeddable":true,"href":"https:\/\/revistaesperanzas.com\/web\/wp-json\/wp\/v2\/media\/146807"}],"wp:attachment":[{"href":"https:\/\/revistaesperanzas.com\/web\/wp-json\/wp\/v2\/media?parent=146806"}],"wp:term":[{"taxonomy":"category","embeddable":true,"href":"https:\/\/revistaesperanzas.com\/web\/wp-json\/wp\/v2\/categories?post=146806"},{"taxonomy":"post_tag","embeddable":true,"href":"https:\/\/revistaesperanzas.com\/web\/wp-json\/wp\/v2\/tags?post=146806"}],"curies":[{"name":"wp","href":"https:\/\/api.w.org\/{rel}","templated":true}]}}