{"id":146821,"date":"2026-03-13T13:21:35","date_gmt":"2026-03-13T16:21:35","guid":{"rendered":"https:\/\/revistaesperanzas.com\/web\/?p=146821"},"modified":"2026-03-13T13:24:37","modified_gmt":"2026-03-13T16:24:37","slug":"146821","status":"publish","type":"post","link":"https:\/\/revistaesperanzas.com\/web\/2026\/03\/146821\/","title":{"rendered":"EN ALLANAMIENTO POLICIAL SECUESTRAN OBJETOS VARIOS Y DETIENEN A TRES PERSONAS"},"content":{"rendered":"<p>MERCEDES\u00a0 &#8211;\u00a0 Tras diversos trabajos investigativos, y diligenciamiento de \u00f3rdenes de allanamientos, secuestraron diversas cosas. Existen tres personas aprehendidas.<\/p>\n<p>Efectivos policiales de la Comisar\u00eda de distrito primera de Mercedes, en el marco de labores de investigaci\u00f3n desplegados en relaci\u00f3n a hechos delictivos perpetrados en la zona, en colaboraci\u00f3n con la unidad fiscal interviniente, tras diligenciar sendas \u00f3rdenes de allanamientos, secuestraron diversas cosas que guardar\u00edan relaci\u00f3n con los hechos, adem\u00e1s aprehendieron a tres personas.<\/p>\n<p>Los distintos trabajos investigativos llev\u00f3 a los efectivos a diligenciar durante la semana, distintas ordenes de allanamientos, procedi\u00e9ndose al secuestro de diversos bienes que habr\u00edan sido denunciados como sustra\u00eddos, como ser televisores, tubo de gas de 10 kg, anafe de dos hornallas con cocina, inodoros, mochilas para inodoro, rollo de alambre, desmalezadora, elementos de talabarter\u00eda, entre otras cosas, asi mismo procedieron al secuestro de una motocicleta y la aprehensi\u00f3n de tres personas mayores de edad, sindicados como presunto autores de los distintos il\u00edcitos.<\/p>\n<p>Las personas junto a lo secuestrado fueron puestos a disposici\u00f3n de la autoridad fiscal interviniente, siendo trasladados a la citada dependencia policial donde se prosigue con los tr\u00e1mites que corresponden.<\/p>\n","protected":false},"excerpt":{"rendered":"<p>MERCEDES\u00a0 &#8211;\u00a0 Tras diversos trabajos investigativos, y diligenciamiento de \u00f3rdenes de allanamientos, secuestraron diversas cosas. Existen tres personas aprehendidas. Efectivos policiales de la Comisar\u00eda de distrito primera de Mercedes, en el marco de labores de investigaci\u00f3n desplegados en relaci\u00f3n a hechos delictivos perpetrados en la zona, en colaboraci\u00f3n con la unidad fiscal interviniente, tras diligenciar [&hellip;]<\/p>\n","protected":false},"author":4,"featured_media":146822,"comment_status":"closed","ping_status":"closed","sticky":false,"template":"","format":"standard","meta":{"footnotes":""},"categories":[58],"tags":[],"class_list":{"0":"post-146821","1":"post","2":"type-post","3":"status-publish","4":"format-standard","5":"has-post-thumbnail","7":"category-corrientes"},"_links":{"self":[{"href":"https:\/\/revistaesperanzas.com\/web\/wp-json\/wp\/v2\/posts\/146821","targetHints":{"allow":["GET"]}}],"collection":[{"href":"https:\/\/revistaesperanzas.com\/web\/wp-json\/wp\/v2\/posts"}],"about":[{"href":"https:\/\/revistaesperanzas.com\/web\/wp-json\/wp\/v2\/types\/post"}],"author":[{"embeddable":true,"href":"https:\/\/revistaesperanzas.com\/web\/wp-json\/wp\/v2\/users\/4"}],"replies":[{"embeddable":true,"href":"https:\/\/revistaesperanzas.com\/web\/wp-json\/wp\/v2\/comments?post=146821"}],"version-history":[{"count":2,"href":"https:\/\/revistaesperanzas.com\/web\/wp-json\/wp\/v2\/posts\/146821\/revisions"}],"predecessor-version":[{"id":146825,"href":"https:\/\/revistaesperanzas.com\/web\/wp-json\/wp\/v2\/posts\/146821\/revisions\/146825"}],"wp:featuredmedia":[{"embeddable":true,"href":"https:\/\/revistaesperanzas.com\/web\/wp-json\/wp\/v2\/media\/146822"}],"wp:attachment":[{"href":"https:\/\/revistaesperanzas.com\/web\/wp-json\/wp\/v2\/media?parent=146821"}],"wp:term":[{"taxonomy":"category","embeddable":true,"href":"https:\/\/revistaesperanzas.com\/web\/wp-json\/wp\/v2\/categories?post=146821"},{"taxonomy":"post_tag","embeddable":true,"href":"https:\/\/revistaesperanzas.com\/web\/wp-json\/wp\/v2\/tags?post=146821"}],"curies":[{"name":"wp","href":"https:\/\/api.w.org\/{rel}","templated":true}]}}