{"id":146827,"date":"2026-03-13T13:26:29","date_gmt":"2026-03-13T16:26:29","guid":{"rendered":"https:\/\/revistaesperanzas.com\/web\/?p=146827"},"modified":"2026-03-13T13:39:18","modified_gmt":"2026-03-13T16:39:18","slug":"146827","status":"publish","type":"post","link":"https:\/\/revistaesperanzas.com\/web\/2026\/03\/146827\/","title":{"rendered":"AL LAS POCAS HORAS, POLICIA DE CORRIENTES RECUPER\u00d3 UNA MOTO QUE FUERA ROBADA"},"content":{"rendered":"<p>SANTA LUCIA\u00a0 &#8211;\u00a0 La Polic\u00eda recuper\u00f3 una motocicleta que fuera sustra\u00edda y aprehendi\u00f3 al presunto autor del hecho<\/p>\n<p>En horas de la ma\u00f1ana de ayer 12-03-26, efectivos policiales de la Comisar\u00eda de Distrito Santa Lucia, tras tomar conocimiento de un il\u00edcito, en un eficaz accionar, lograron hallar y recuperar una motocicleta sustra\u00edda y aprehendieron al presunto autor del hecho.<\/p>\n<p>El procedimiento lo realizaron luego de tomar conocimiento de la sustracci\u00f3n de una motocicleta -marca Gillera modelo Smash 1110c.c-, por lo que ante tal circunstancia y de forma inmediata los polic\u00edas iniciaron un intenso trabajo de investigaci\u00f3n e intensificaron los patrullajes por la zona, logrando de esta manera hallar y recuperar el rodado sustra\u00eddo, as\u00ed mismo procedieron a la aprehensi\u00f3n del presunto autor del hecho, un hombre -mayor de edad-.<\/p>\n<p>El hombre y lo recuperado fueron puestos a disposici\u00f3n de la autoridad fiscal en turno, siendo trasladados a la citada dependencia policial, donde se prosigue con los tr\u00e1mites que corresponden.<\/p>\n","protected":false},"excerpt":{"rendered":"<p>SANTA LUCIA\u00a0 &#8211;\u00a0 La Polic\u00eda recuper\u00f3 una motocicleta que fuera sustra\u00edda y aprehendi\u00f3 al presunto autor del hecho En horas de la ma\u00f1ana de ayer 12-03-26, efectivos policiales de la Comisar\u00eda de Distrito Santa Lucia, tras tomar conocimiento de un il\u00edcito, en un eficaz accionar, lograron hallar y recuperar una motocicleta sustra\u00edda y aprehendieron al [&hellip;]<\/p>\n","protected":false},"author":4,"featured_media":138183,"comment_status":"closed","ping_status":"closed","sticky":false,"template":"","format":"standard","meta":{"footnotes":""},"categories":[58],"tags":[],"class_list":{"0":"post-146827","1":"post","2":"type-post","3":"status-publish","4":"format-standard","5":"has-post-thumbnail","7":"category-corrientes"},"_links":{"self":[{"href":"https:\/\/revistaesperanzas.com\/web\/wp-json\/wp\/v2\/posts\/146827","targetHints":{"allow":["GET"]}}],"collection":[{"href":"https:\/\/revistaesperanzas.com\/web\/wp-json\/wp\/v2\/posts"}],"about":[{"href":"https:\/\/revistaesperanzas.com\/web\/wp-json\/wp\/v2\/types\/post"}],"author":[{"embeddable":true,"href":"https:\/\/revistaesperanzas.com\/web\/wp-json\/wp\/v2\/users\/4"}],"replies":[{"embeddable":true,"href":"https:\/\/revistaesperanzas.com\/web\/wp-json\/wp\/v2\/comments?post=146827"}],"version-history":[{"count":2,"href":"https:\/\/revistaesperanzas.com\/web\/wp-json\/wp\/v2\/posts\/146827\/revisions"}],"predecessor-version":[{"id":146839,"href":"https:\/\/revistaesperanzas.com\/web\/wp-json\/wp\/v2\/posts\/146827\/revisions\/146839"}],"wp:featuredmedia":[{"embeddable":true,"href":"https:\/\/revistaesperanzas.com\/web\/wp-json\/wp\/v2\/media\/138183"}],"wp:attachment":[{"href":"https:\/\/revistaesperanzas.com\/web\/wp-json\/wp\/v2\/media?parent=146827"}],"wp:term":[{"taxonomy":"category","embeddable":true,"href":"https:\/\/revistaesperanzas.com\/web\/wp-json\/wp\/v2\/categories?post=146827"},{"taxonomy":"post_tag","embeddable":true,"href":"https:\/\/revistaesperanzas.com\/web\/wp-json\/wp\/v2\/tags?post=146827"}],"curies":[{"name":"wp","href":"https:\/\/api.w.org\/{rel}","templated":true}]}}