{"id":146845,"date":"2026-03-13T19:15:42","date_gmt":"2026-03-13T22:15:42","guid":{"rendered":"https:\/\/revistaesperanzas.com\/web\/?p=146845"},"modified":"2026-03-13T19:17:03","modified_gmt":"2026-03-13T22:17:03","slug":"146845","status":"publish","type":"post","link":"https:\/\/revistaesperanzas.com\/web\/2026\/03\/146845\/","title":{"rendered":"MUERE UN BEB\u00c9 DE 5 MESES Y LA MUJER DEBI\u00d3 SER TRASLADADA A UN CENTRO MAS COMPLEJO"},"content":{"rendered":"<p>MOCORETA\u00a0 &#8211;\u00a0 Siniestro vial con consecuencia fatal (informaci\u00f3n inicial)<\/p>\n<p>En horas del mediod\u00eda de hoy 13-03-26, efectivos policiales dependientes de la Comisaria de Distrito Primera de Mocoreta, tomaron conocimiento que por Ruta Nacional N.\u00ba 14\u00ba la altura el km 362 aproximadamente -por causas que se tratan de establecer \u2013 se produjo el despiste de un veh\u00edculo automotor.<\/p>\n<p>Seg\u00fan la informaci\u00f3n inicial obtenida, el hecho se habr\u00eda registrado alrededor de las 12:00 horas, y tuvo como protagonista a una veh\u00edculo -marca Toyota SW4- guiado por un joven de 21 a\u00f1os de edad, quien tenia como acompa\u00f1ante a una mujer -mayor-, y un menor de aproximadamente 5 meses.<\/p>\n<p>A consecuencia del siniestro, los ocupantes fueron trasladados hasta el Hospital local donde informaron que lamentablemente el menor habr\u00eda ingresado sin vida, en tanto la mujer fue trasladada hasta un centro asistencial de la localidad de Monte Caseros, con lesiones de car\u00e1cter graves.<\/p>\n<p>En el lugar se llevaron a cabo las diligencias del caso, en tanto que en la citada comisaria se contin\u00faan con los tr\u00e1mites correspondie<\/p>\n","protected":false},"excerpt":{"rendered":"<p>MOCORETA\u00a0 &#8211;\u00a0 Siniestro vial con consecuencia fatal (informaci\u00f3n inicial) En horas del mediod\u00eda de hoy 13-03-26, efectivos policiales dependientes de la Comisaria de Distrito Primera de Mocoreta, tomaron conocimiento que por Ruta Nacional N.\u00ba 14\u00ba la altura el km 362 aproximadamente -por causas que se tratan de establecer \u2013 se produjo el despiste de un [&hellip;]<\/p>\n","protected":false},"author":4,"featured_media":146846,"comment_status":"closed","ping_status":"closed","sticky":false,"template":"","format":"standard","meta":{"footnotes":""},"categories":[58],"tags":[],"class_list":{"0":"post-146845","1":"post","2":"type-post","3":"status-publish","4":"format-standard","5":"has-post-thumbnail","7":"category-corrientes"},"_links":{"self":[{"href":"https:\/\/revistaesperanzas.com\/web\/wp-json\/wp\/v2\/posts\/146845","targetHints":{"allow":["GET"]}}],"collection":[{"href":"https:\/\/revistaesperanzas.com\/web\/wp-json\/wp\/v2\/posts"}],"about":[{"href":"https:\/\/revistaesperanzas.com\/web\/wp-json\/wp\/v2\/types\/post"}],"author":[{"embeddable":true,"href":"https:\/\/revistaesperanzas.com\/web\/wp-json\/wp\/v2\/users\/4"}],"replies":[{"embeddable":true,"href":"https:\/\/revistaesperanzas.com\/web\/wp-json\/wp\/v2\/comments?post=146845"}],"version-history":[{"count":2,"href":"https:\/\/revistaesperanzas.com\/web\/wp-json\/wp\/v2\/posts\/146845\/revisions"}],"predecessor-version":[{"id":146848,"href":"https:\/\/revistaesperanzas.com\/web\/wp-json\/wp\/v2\/posts\/146845\/revisions\/146848"}],"wp:featuredmedia":[{"embeddable":true,"href":"https:\/\/revistaesperanzas.com\/web\/wp-json\/wp\/v2\/media\/146846"}],"wp:attachment":[{"href":"https:\/\/revistaesperanzas.com\/web\/wp-json\/wp\/v2\/media?parent=146845"}],"wp:term":[{"taxonomy":"category","embeddable":true,"href":"https:\/\/revistaesperanzas.com\/web\/wp-json\/wp\/v2\/categories?post=146845"},{"taxonomy":"post_tag","embeddable":true,"href":"https:\/\/revistaesperanzas.com\/web\/wp-json\/wp\/v2\/tags?post=146845"}],"curies":[{"name":"wp","href":"https:\/\/api.w.org\/{rel}","templated":true}]}}