{"id":146849,"date":"2026-03-13T19:23:06","date_gmt":"2026-03-13T22:23:06","guid":{"rendered":"https:\/\/revistaesperanzas.com\/web\/?p=146849"},"modified":"2026-03-13T19:23:06","modified_gmt":"2026-03-13T22:23:06","slug":"recorrida-en-el-barrio-matadero-intendente-hormaechea-visito-el-merendero-y-tomo-contacto-con-los-vecinos","status":"publish","type":"post","link":"https:\/\/revistaesperanzas.com\/web\/2026\/03\/recorrida-en-el-barrio-matadero-intendente-hormaechea-visito-el-merendero-y-tomo-contacto-con-los-vecinos\/","title":{"rendered":"RECORRIDA EN EL BARRIO MATADERO: INTENDENTE HORMAECHEA VISIT\u00d3 EL MERENDERO Y TOM\u00d3 CONTACTO CON LOS VECINOS"},"content":{"rendered":"<p style=\"font-weight: 400;\">El mi\u00e9rcoles en horas de la tarde, el intendente municipal de Goya, doctor Mariano Hormaechea, realiz\u00f3 una visita al barrio Matadero donde comparti\u00f3 un encuentro con los responsables de merendero que funciona en la zona y mantuvo un di\u00e1logo con la comisi\u00f3n barrial y vecinos del sector.<a href=\"https:\/\/revistaesperanzas.com\/web\/2026\/03\/recorrida-en-el-barrio-matadero-intendente-hormaechea-visito-el-merendero-y-tomo-contacto-con-los-vecinos\/whatsapp-image-2026-03-13-at-17-03-10\/\" rel=\"attachment wp-att-146851\"><img loading=\"lazy\" decoding=\"async\" class=\" wp-image-146851 alignleft\" src=\"https:\/\/revistaesperanzas.com\/web\/wp-content\/uploads\/2026\/03\/WhatsApp-Image-2026-03-13-at-17.03.10.jpeg\" alt=\"\" width=\"501\" height=\"333\" \/><\/a><\/p>\n<p style=\"font-weight: 400;\">Durante la recorrida, el jefe comunal se acerc\u00f3 al merendero al que asisten numerosos ni\u00f1os y ni\u00f1as del barrio para recibir su merienda y participar de actividades comunitarias. En ese espacio, Hormaechea dialog\u00f3 con integrantes del merendero del barrio, interioriz\u00e1ndose sobre el trabajo asistencial que llevan adelante y las necesidades que se presentan en esta comunidad.<\/p>\n<p style=\"font-weight: 400;\">El barrio Matadero cuenta con este espacio de ayuda alimentaria y comunitaria que cumple un rol fundamental en el acompa\u00f1amiento a las familias.<a href=\"https:\/\/revistaesperanzas.com\/web\/2026\/03\/recorrida-en-el-barrio-matadero-intendente-hormaechea-visito-el-merendero-y-tomo-contacto-con-los-vecinos\/whatsapp-image-2026-03-13-at-17-03-11\/\" rel=\"attachment wp-att-146852\"><img loading=\"lazy\" decoding=\"async\" class=\" wp-image-146852 alignright\" src=\"https:\/\/revistaesperanzas.com\/web\/wp-content\/uploads\/2026\/03\/WhatsApp-Image-2026-03-13-at-17.03.11.jpeg\" alt=\"\" width=\"501\" height=\"333\" \/><\/a><\/p>\n<p style=\"font-weight: 400;\">Luego de la visita al merendero, el intendente Mariano Hormaechea recorri\u00f3 el barrio con el objetivo de tomar contacto directo con los vecinos. Durante esa caminata por el sector, escuch\u00f3 inquietudes, pedidos y sugerencias de los habitantes del lugar, quienes aprovecharon la oportunidad para plantear distintos requerimientos vinculados a la realidad del barrio.<\/p>\n<p style=\"font-weight: 400;\"><a href=\"https:\/\/revistaesperanzas.com\/web\/2026\/03\/recorrida-en-el-barrio-matadero-intendente-hormaechea-visito-el-merendero-y-tomo-contacto-con-los-vecinos\/whatsapp-image-2026-03-13-at-17-03-08\/\" rel=\"attachment wp-att-146853\"><img loading=\"lazy\" decoding=\"async\" class=\" wp-image-146853 alignleft\" src=\"https:\/\/revistaesperanzas.com\/web\/wp-content\/uploads\/2026\/03\/WhatsApp-Image-2026-03-13-at-17.03.08.jpeg\" alt=\"\" width=\"501\" height=\"333\" \/><\/a>En ese contexto, Hormaechea respondi\u00f3 a las consultas de los vecinos y tom\u00f3 nota de solicitudes realizadas, con el compromiso de trabajar junto a las \u00e1reas correspondientes del municipio para ir dando respuestas que permitan mejorar las condiciones del barrio.<\/p>\n","protected":false},"excerpt":{"rendered":"<p>El mi\u00e9rcoles en horas de la tarde, el intendente municipal de Goya, doctor Mariano Hormaechea, realiz\u00f3 una visita al barrio Matadero donde comparti\u00f3 un encuentro con los responsables de merendero que funciona en la zona y mantuvo un di\u00e1logo con la comisi\u00f3n barrial y vecinos del sector. Durante la recorrida, el jefe comunal se acerc\u00f3 [&hellip;]<\/p>\n","protected":false},"author":4,"featured_media":146850,"comment_status":"closed","ping_status":"closed","sticky":false,"template":"","format":"standard","meta":{"footnotes":""},"categories":[45],"tags":[],"class_list":{"0":"post-146849","1":"post","2":"type-post","3":"status-publish","4":"format-standard","5":"has-post-thumbnail","7":"category-locales"},"_links":{"self":[{"href":"https:\/\/revistaesperanzas.com\/web\/wp-json\/wp\/v2\/posts\/146849","targetHints":{"allow":["GET"]}}],"collection":[{"href":"https:\/\/revistaesperanzas.com\/web\/wp-json\/wp\/v2\/posts"}],"about":[{"href":"https:\/\/revistaesperanzas.com\/web\/wp-json\/wp\/v2\/types\/post"}],"author":[{"embeddable":true,"href":"https:\/\/revistaesperanzas.com\/web\/wp-json\/wp\/v2\/users\/4"}],"replies":[{"embeddable":true,"href":"https:\/\/revistaesperanzas.com\/web\/wp-json\/wp\/v2\/comments?post=146849"}],"version-history":[{"count":2,"href":"https:\/\/revistaesperanzas.com\/web\/wp-json\/wp\/v2\/posts\/146849\/revisions"}],"predecessor-version":[{"id":146855,"href":"https:\/\/revistaesperanzas.com\/web\/wp-json\/wp\/v2\/posts\/146849\/revisions\/146855"}],"wp:featuredmedia":[{"embeddable":true,"href":"https:\/\/revistaesperanzas.com\/web\/wp-json\/wp\/v2\/media\/146850"}],"wp:attachment":[{"href":"https:\/\/revistaesperanzas.com\/web\/wp-json\/wp\/v2\/media?parent=146849"}],"wp:term":[{"taxonomy":"category","embeddable":true,"href":"https:\/\/revistaesperanzas.com\/web\/wp-json\/wp\/v2\/categories?post=146849"},{"taxonomy":"post_tag","embeddable":true,"href":"https:\/\/revistaesperanzas.com\/web\/wp-json\/wp\/v2\/tags?post=146849"}],"curies":[{"name":"wp","href":"https:\/\/api.w.org\/{rel}","templated":true}]}}