{"id":146856,"date":"2026-03-13T19:27:00","date_gmt":"2026-03-13T22:27:00","guid":{"rendered":"https:\/\/revistaesperanzas.com\/web\/?p=146856"},"modified":"2026-03-13T19:27:00","modified_gmt":"2026-03-13T22:27:00","slug":"la-municipalidad-de-goya-fortalece-la-inclusion-digital-de-adultos-mayores-y-avanza-en-la-modernizacion-del-estado","status":"publish","type":"post","link":"https:\/\/revistaesperanzas.com\/web\/2026\/03\/la-municipalidad-de-goya-fortalece-la-inclusion-digital-de-adultos-mayores-y-avanza-en-la-modernizacion-del-estado\/","title":{"rendered":"LA MUNICIPALIDAD DE GOYA FORTALECE LA INCLUSI\u00d3N DIGITAL DE ADULTOS MAYORES Y AVANZA EN LA MODERNIZACI\u00d3N DEL ESTADO"},"content":{"rendered":"<p style=\"font-weight: 400;\">La gesti\u00f3n municipal lleva adelante programas de inclusi\u00f3n, distintas \u00e1reas de la municipalidad gestionan acciones tendientes a fortalecer uno de los ejes de gobierno municipal, en una reuni\u00f3n estrat\u00e9gica realizada este jueves en la Usina del Conocimiento, la Secretar\u00eda de Modernizaci\u00f3n, Innovaci\u00f3n y Tecnolog\u00eda de la Municipalidad de Goya y la Direcci\u00f3n de Fortalecimiento Familiar avanzaron en la planificaci\u00f3n del ciclo 2026 del programa de alfabetizaci\u00f3n digital destinado a adultos mayores.<a href=\"https:\/\/revistaesperanzas.com\/web\/2026\/03\/la-municipalidad-de-goya-fortalece-la-inclusion-digital-de-adultos-mayores-y-avanza-en-la-modernizacion-del-estado\/whatsapp-image-2026-03-13-at-17-09-06\/\" rel=\"attachment wp-att-146859\"><img loading=\"lazy\" decoding=\"async\" class=\" wp-image-146859 alignleft\" src=\"https:\/\/revistaesperanzas.com\/web\/wp-content\/uploads\/2026\/03\/WhatsApp-Image-2026-03-13-at-17.09.06.jpeg\" alt=\"\" width=\"501\" height=\"371\" srcset=\"https:\/\/revistaesperanzas.com\/web\/wp-content\/uploads\/2026\/03\/WhatsApp-Image-2026-03-13-at-17.09.06.jpeg 600w, https:\/\/revistaesperanzas.com\/web\/wp-content\/uploads\/2026\/03\/WhatsApp-Image-2026-03-13-at-17.09.06-568x420.jpeg 568w, https:\/\/revistaesperanzas.com\/web\/wp-content\/uploads\/2026\/03\/WhatsApp-Image-2026-03-13-at-17.09.06-80x60.jpeg 80w, https:\/\/revistaesperanzas.com\/web\/wp-content\/uploads\/2026\/03\/WhatsApp-Image-2026-03-13-at-17.09.06-485x360.jpeg 485w\" sizes=\"auto, (max-width: 501px) 100vw, 501px\" \/><\/a><\/p>\n<p style=\"font-weight: 400;\">La iniciativa forma parte del programa \u201cMayor Conectividad\u201d, una propuesta que busca brindar herramientas tecnol\u00f3gicas a personas mayores de la ciudad para que puedan utilizar tel\u00e9fonos celulares, computadoras y plataformas digitales con mayor seguridad, autonom\u00eda y confianza.<\/p>\n<p style=\"font-weight: 400;\">El secretario de Modernizaci\u00f3n, Innovaci\u00f3n y Tecnolog\u00eda del municipio, contador Andr\u00e9s Zajarevich, dialog\u00f3 en Radio Ciudad 88.3 sobre la continuidad del programa y los desaf\u00edos de acercar la tecnolog\u00eda a todos los sectores de la comunidad.<\/p>\n<p style=\"font-weight: 400;\">La propuesta tiene como objetivo que los adultos mayores puedan incorporar habilidades digitales b\u00e1sicas, facilitando la realizaci\u00f3n de tr\u00e1mites, la comunicaci\u00f3n con familiares y el acceso a informaci\u00f3n, adem\u00e1s de fortalecer la prevenci\u00f3n frente a las estafas virtuales.<\/p>\n<p style=\"font-weight: 400;\">En ese marco, el funcionario destac\u00f3 el trabajo conjunto entre distintas \u00e1reas del municipio y el impulso pol\u00edtico para ampliar el alcance del programa.<\/p>\n<p style=\"font-weight: 400;\">\u201cCorrecto, ac\u00e1 sucede una serie de cosas que es lo que marca constantemente el intendente Mariano Hormaechea y se puede vislumbrar con un claro ejemplo. Una de las cuestiones es trabajar en equipo, comun\u00edquese, en este caso un trabajo en equipo entre personal de la Secretar\u00eda de Modernizaci\u00f3n y la Direcci\u00f3n de Fortalecimiento Familiar. Son dos \u00e1reas de la municipalidad de distintas secretar\u00edas, hay un trabajo en equipo\u201d, se\u00f1al\u00f3 Zajarevich.<\/p>\n<p style=\"font-weight: 400;\">El secretario explic\u00f3 que el programa se inscribe dentro de los lineamientos del Pacto Goya 2030, que promueve la modernizaci\u00f3n del Estado junto con pol\u00edticas de inclusi\u00f3n social.<\/p>\n<p style=\"font-weight: 400;\">\u201cTambi\u00e9n hay una modernizaci\u00f3n que tiene que ver con la inclusi\u00f3n social, son dos ejes del pacto Goya 2030, lo que se pretende con este programa es llegar con modernizaci\u00f3n, digitalizaci\u00f3n, con una capacitaci\u00f3n para adultos mayores en los distintos lados, pensionados barriales, sobre todo, como para que tengan conocimiento sobre distintas herramientas digitales, pero principalmente para que no caigan en las malditas estafas virtuales que suceden mucho, que hay mucha gente que quiere hacer da\u00f1o y que se recuesta por este tipo de personas que son vulnerables en materia tecnol\u00f3gica\u201d, agreg\u00f3.<\/p>\n<p style=\"font-weight: 400;\">Asimismo, remarc\u00f3 el compromiso desde la gesti\u00f3n municipal para sostener y fortalecer la iniciativa durante este a\u00f1o.<a href=\"https:\/\/revistaesperanzas.com\/web\/2026\/03\/la-municipalidad-de-goya-fortalece-la-inclusion-digital-de-adultos-mayores-y-avanza-en-la-modernizacion-del-estado\/whatsapp-image-2026-03-13-at-17-08-18\/\" rel=\"attachment wp-att-146860\"><img loading=\"lazy\" decoding=\"async\" class=\" wp-image-146860 alignright\" src=\"https:\/\/revistaesperanzas.com\/web\/wp-content\/uploads\/2026\/03\/WhatsApp-Image-2026-03-13-at-17.08.18.jpeg\" alt=\"\" width=\"451\" height=\"564\" srcset=\"https:\/\/revistaesperanzas.com\/web\/wp-content\/uploads\/2026\/03\/WhatsApp-Image-2026-03-13-at-17.08.18.jpeg 600w, https:\/\/revistaesperanzas.com\/web\/wp-content\/uploads\/2026\/03\/WhatsApp-Image-2026-03-13-at-17.08.18-336x420.jpeg 336w\" sizes=\"auto, (max-width: 451px) 100vw, 451px\" \/><\/a><\/p>\n<p style=\"font-weight: 400;\">\u201cCreemos desde el estado que tenemos que estar presente y la consigna del intendente fue \u201ctenemos que ocuparnos de este tema, hag\u00e1monos cargo, hagamos un responsable\u201d. Nosotros el a\u00f1o pasado desarrollamos este programa de acompa\u00f1amiento de Mayor Conectividad para adultos mayores y lo que queremos hacer este a\u00f1o es relanzarlo nuevamente y para eso tambi\u00e9n estamos implementando otra cuesti\u00f3n que lo mencion\u00f3 el Mariano Hormaechea en su discurso, que la modernizaci\u00f3n tambi\u00e9n es innovaci\u00f3n y es cultura, cultura de trabajo\u201d, subray\u00f3.<\/p>\n<p style=\"font-weight: 400;\">El funcionario explic\u00f3 adem\u00e1s que el nuevo ciclo incorporar\u00e1 un an\u00e1lisis de la experiencia del a\u00f1o pasado para mejorar los contenidos y las capacitaciones.<\/p>\n<p style=\"font-weight: 400;\">\u201cPorque hoy una de las patas que le agregamos nosotros a este programa es tomar datos del a\u00f1o pasado, tomar la experiencia. El primer trabajo que vamos a hacer es un relevamiento, an\u00e1lisis de datos de c\u00f3mo nos fue en el programa el a\u00f1o pasado y ver qu\u00e9 tipo de mejora o ver qu\u00e9 tipo de problem\u00e1tica o ense\u00f1anza o capacitaci\u00f3n requieren los adultos mayores para amoldar el programa al cliente en este caso que ser\u00edan las personas\u201d, afirm\u00f3.<\/p>\n","protected":false},"excerpt":{"rendered":"<p>La gesti\u00f3n municipal lleva adelante programas de inclusi\u00f3n, distintas \u00e1reas de la municipalidad gestionan acciones tendientes a fortalecer uno de los ejes de gobierno municipal, en una reuni\u00f3n estrat\u00e9gica realizada este jueves en la Usina del Conocimiento, la Secretar\u00eda de Modernizaci\u00f3n, Innovaci\u00f3n y Tecnolog\u00eda de la Municipalidad de Goya y la Direcci\u00f3n de Fortalecimiento Familiar [&hellip;]<\/p>\n","protected":false},"author":4,"featured_media":146858,"comment_status":"closed","ping_status":"closed","sticky":false,"template":"","format":"standard","meta":{"footnotes":""},"categories":[45],"tags":[],"class_list":{"0":"post-146856","1":"post","2":"type-post","3":"status-publish","4":"format-standard","5":"has-post-thumbnail","7":"category-locales"},"_links":{"self":[{"href":"https:\/\/revistaesperanzas.com\/web\/wp-json\/wp\/v2\/posts\/146856","targetHints":{"allow":["GET"]}}],"collection":[{"href":"https:\/\/revistaesperanzas.com\/web\/wp-json\/wp\/v2\/posts"}],"about":[{"href":"https:\/\/revistaesperanzas.com\/web\/wp-json\/wp\/v2\/types\/post"}],"author":[{"embeddable":true,"href":"https:\/\/revistaesperanzas.com\/web\/wp-json\/wp\/v2\/users\/4"}],"replies":[{"embeddable":true,"href":"https:\/\/revistaesperanzas.com\/web\/wp-json\/wp\/v2\/comments?post=146856"}],"version-history":[{"count":2,"href":"https:\/\/revistaesperanzas.com\/web\/wp-json\/wp\/v2\/posts\/146856\/revisions"}],"predecessor-version":[{"id":146862,"href":"https:\/\/revistaesperanzas.com\/web\/wp-json\/wp\/v2\/posts\/146856\/revisions\/146862"}],"wp:featuredmedia":[{"embeddable":true,"href":"https:\/\/revistaesperanzas.com\/web\/wp-json\/wp\/v2\/media\/146858"}],"wp:attachment":[{"href":"https:\/\/revistaesperanzas.com\/web\/wp-json\/wp\/v2\/media?parent=146856"}],"wp:term":[{"taxonomy":"category","embeddable":true,"href":"https:\/\/revistaesperanzas.com\/web\/wp-json\/wp\/v2\/categories?post=146856"},{"taxonomy":"post_tag","embeddable":true,"href":"https:\/\/revistaesperanzas.com\/web\/wp-json\/wp\/v2\/tags?post=146856"}],"curies":[{"name":"wp","href":"https:\/\/api.w.org\/{rel}","templated":true}]}}