{"id":146869,"date":"2026-03-13T19:37:55","date_gmt":"2026-03-13T22:37:55","guid":{"rendered":"https:\/\/revistaesperanzas.com\/web\/?p=146869"},"modified":"2026-03-13T19:37:56","modified_gmt":"2026-03-13T22:37:56","slug":"parquizacion-corte-de-pasto-y-mejoras-en-el-jardin-jin-n-10-brujitas-encantadas-del-paraje-la-soledad","status":"publish","type":"post","link":"https:\/\/revistaesperanzas.com\/web\/2026\/03\/parquizacion-corte-de-pasto-y-mejoras-en-el-jardin-jin-n-10-brujitas-encantadas-del-paraje-la-soledad\/","title":{"rendered":"PARQUIZACI\u00d3N, CORTE DE PASTO Y MEJORAS EN EL JARD\u00cdN JIN N\u00b0 10 \u201cBRUJITAS ENCANTADAS\u201d DEL PARAJE LA SOLEDAD"},"content":{"rendered":"<p style=\"font-weight: 400;\">La gesti\u00f3n municipal contin\u00faa desarrollando acciones orientadas al cuidado del ambiente y al mejoramiento de los establecimientos escolares en distintos sectores de la ciudad, con intervenciones que buscan fortalecer los espacios verdes y brindar entornos m\u00e1s saludables para la comunidad educativa.<a href=\"https:\/\/revistaesperanzas.com\/web\/2026\/03\/parquizacion-corte-de-pasto-y-mejoras-en-el-jardin-jin-n-10-brujitas-encantadas-del-paraje-la-soledad\/whatsapp-image-2026-03-13-at-14-41-26\/\" rel=\"attachment wp-att-146871\"><img loading=\"lazy\" decoding=\"async\" class=\" wp-image-146871 alignright\" src=\"https:\/\/revistaesperanzas.com\/web\/wp-content\/uploads\/2026\/03\/WhatsApp-Image-2026-03-13-at-14.41.26.jpeg\" alt=\"\" width=\"501\" height=\"551\" srcset=\"https:\/\/revistaesperanzas.com\/web\/wp-content\/uploads\/2026\/03\/WhatsApp-Image-2026-03-13-at-14.41.26.jpeg 600w, https:\/\/revistaesperanzas.com\/web\/wp-content\/uploads\/2026\/03\/WhatsApp-Image-2026-03-13-at-14.41.26-382x420.jpeg 382w\" sizes=\"auto, (max-width: 501px) 100vw, 501px\" \/><\/a><\/p>\n<p style=\"font-weight: 400;\">En este marco, personal de la Direcci\u00f3n de Recursos Naturales y Medio Ambiente, dependiente de la Secretar\u00eda de Producci\u00f3n, llev\u00f3 adelante trabajos de parquizaci\u00f3n y mantenimiento en el Jard\u00edn JIN N\u00b0 10 \u201cBrujitas Encantadas\u201d, ubicado en el Paraje La Soledad.<\/p>\n<p style=\"font-weight: 400;\">Las tareas se desarrollaron en el predio del establecimiento educativo, donde los operarios municipales avanzaron con la plantaci\u00f3n de diversas especies ornamentales con el objetivo de embellecer el sector y generar espacios verdes m\u00e1s agradables para los ni\u00f1os y ni\u00f1as que asisten a la instituci\u00f3n.<a href=\"https:\/\/revistaesperanzas.com\/web\/2026\/03\/parquizacion-corte-de-pasto-y-mejoras-en-el-jardin-jin-n-10-brujitas-encantadas-del-paraje-la-soledad\/whatsapp-image-2026-03-13-at-14-41-27\/\" rel=\"attachment wp-att-146872\"><img loading=\"lazy\" decoding=\"async\" class=\" wp-image-146872 alignleft\" src=\"https:\/\/revistaesperanzas.com\/web\/wp-content\/uploads\/2026\/03\/WhatsApp-Image-2026-03-13-at-14.41.27.jpeg\" alt=\"\" width=\"500\" height=\"548\" srcset=\"https:\/\/revistaesperanzas.com\/web\/wp-content\/uploads\/2026\/03\/WhatsApp-Image-2026-03-13-at-14.41.27.jpeg 600w, https:\/\/revistaesperanzas.com\/web\/wp-content\/uploads\/2026\/03\/WhatsApp-Image-2026-03-13-at-14.41.27-383x420.jpeg 383w\" sizes=\"auto, (max-width: 500px) 100vw, 500px\" \/><\/a><\/p>\n<p style=\"font-weight: 400;\">Durante la jornada se concret\u00f3 la plantaci\u00f3n de 4 \u00e1rboles de para\u00edso, 6 plantas de cinta, 2 pinos tuya, 5 durantas, 2 plantas de lengua de suegra y 4 malvones. Asimismo, se realizaron trabajos de mejoramiento del parque y corte de pasto en todo el predio del jard\u00edn, contribuyendo a optimizar las condiciones del espacio recreativo utilizado por la comunidad educativa.<\/p>\n<p style=\"font-weight: 400;\">Estas acciones forman parte de las pol\u00edticas que impulsa el municipio para promover el cuidado del ambiente, la forestaci\u00f3n urbana y el fortalecimiento de los espacios educativos, entendiendo que los entornos naturales tambi\u00e9n cumplen un rol fundamental en la formaci\u00f3n y el bienestar de los m\u00e1s peque\u00f1os.<a href=\"https:\/\/revistaesperanzas.com\/web\/2026\/03\/parquizacion-corte-de-pasto-y-mejoras-en-el-jardin-jin-n-10-brujitas-encantadas-del-paraje-la-soledad\/whatsapp-image-2026-03-13-at-14-41-29-2\/\" rel=\"attachment wp-att-146873\"><img loading=\"lazy\" decoding=\"async\" class=\"alignnone  wp-image-146873\" src=\"https:\/\/revistaesperanzas.com\/web\/wp-content\/uploads\/2026\/03\/WhatsApp-Image-2026-03-13-at-14.41.29-2.jpeg\" alt=\"\" width=\"714\" height=\"643\" srcset=\"https:\/\/revistaesperanzas.com\/web\/wp-content\/uploads\/2026\/03\/WhatsApp-Image-2026-03-13-at-14.41.29-2.jpeg 600w, https:\/\/revistaesperanzas.com\/web\/wp-content\/uploads\/2026\/03\/WhatsApp-Image-2026-03-13-at-14.41.29-2-467x420.jpeg 467w\" sizes=\"auto, (max-width: 714px) 100vw, 714px\" \/><\/a><\/p>\n","protected":false},"excerpt":{"rendered":"<p>La gesti\u00f3n municipal contin\u00faa desarrollando acciones orientadas al cuidado del ambiente y al mejoramiento de los establecimientos escolares en distintos sectores de la ciudad, con intervenciones que buscan fortalecer los espacios verdes y brindar entornos m\u00e1s saludables para la comunidad educativa. En este marco, personal de la Direcci\u00f3n de Recursos Naturales y Medio Ambiente, dependiente [&hellip;]<\/p>\n","protected":false},"author":4,"featured_media":146870,"comment_status":"closed","ping_status":"closed","sticky":false,"template":"","format":"standard","meta":{"footnotes":""},"categories":[45],"tags":[],"class_list":{"0":"post-146869","1":"post","2":"type-post","3":"status-publish","4":"format-standard","5":"has-post-thumbnail","7":"category-locales"},"_links":{"self":[{"href":"https:\/\/revistaesperanzas.com\/web\/wp-json\/wp\/v2\/posts\/146869","targetHints":{"allow":["GET"]}}],"collection":[{"href":"https:\/\/revistaesperanzas.com\/web\/wp-json\/wp\/v2\/posts"}],"about":[{"href":"https:\/\/revistaesperanzas.com\/web\/wp-json\/wp\/v2\/types\/post"}],"author":[{"embeddable":true,"href":"https:\/\/revistaesperanzas.com\/web\/wp-json\/wp\/v2\/users\/4"}],"replies":[{"embeddable":true,"href":"https:\/\/revistaesperanzas.com\/web\/wp-json\/wp\/v2\/comments?post=146869"}],"version-history":[{"count":2,"href":"https:\/\/revistaesperanzas.com\/web\/wp-json\/wp\/v2\/posts\/146869\/revisions"}],"predecessor-version":[{"id":146875,"href":"https:\/\/revistaesperanzas.com\/web\/wp-json\/wp\/v2\/posts\/146869\/revisions\/146875"}],"wp:featuredmedia":[{"embeddable":true,"href":"https:\/\/revistaesperanzas.com\/web\/wp-json\/wp\/v2\/media\/146870"}],"wp:attachment":[{"href":"https:\/\/revistaesperanzas.com\/web\/wp-json\/wp\/v2\/media?parent=146869"}],"wp:term":[{"taxonomy":"category","embeddable":true,"href":"https:\/\/revistaesperanzas.com\/web\/wp-json\/wp\/v2\/categories?post=146869"},{"taxonomy":"post_tag","embeddable":true,"href":"https:\/\/revistaesperanzas.com\/web\/wp-json\/wp\/v2\/tags?post=146869"}],"curies":[{"name":"wp","href":"https:\/\/api.w.org\/{rel}","templated":true}]}}