{"id":146885,"date":"2026-03-13T19:48:59","date_gmt":"2026-03-13T22:48:59","guid":{"rendered":"https:\/\/revistaesperanzas.com\/web\/?p=146885"},"modified":"2026-03-13T19:48:59","modified_gmt":"2026-03-13T22:48:59","slug":"mariano-hormaechea-participo-del-reconocimiento-a-mujeres-militantes-de-la-ucr","status":"publish","type":"post","link":"https:\/\/revistaesperanzas.com\/web\/2026\/03\/mariano-hormaechea-participo-del-reconocimiento-a-mujeres-militantes-de-la-ucr\/","title":{"rendered":"MARIANO HORMAECHEA PARTICIP\u00d3 DEL RECONOCIMIENTO A MUJERES MILITANTES DE LA UCR"},"content":{"rendered":"<p style=\"font-weight: 400;\">En un emotivo acto realizado en el Comit\u00e9 Central de la capital correntina, se llev\u00f3 adelante un reconocimiento a mujeres militantes de la Uni\u00f3n C\u00edvica Radical que, con compromiso, trabajo y vocaci\u00f3n de servicio, contin\u00faan aportando al crecimiento de sus comunidades y al fortalecimiento de la vida democr\u00e1tica.<a href=\"https:\/\/revistaesperanzas.com\/web\/2026\/03\/mariano-hormaechea-participo-del-reconocimiento-a-mujeres-militantes-de-la-ucr\/reconocimiento-radical-a-mujeres-2\/\" rel=\"attachment wp-att-146887\"><img loading=\"lazy\" decoding=\"async\" class=\"alignnone  wp-image-146887\" src=\"https:\/\/revistaesperanzas.com\/web\/wp-content\/uploads\/2026\/03\/RECONOCIMIENTO-RADICAL-A-MUJERES-2.jpeg\" alt=\"\" width=\"687\" height=\"458\" \/><\/a><\/p>\n<p style=\"font-weight: 400;\">La actividad cont\u00f3 con la participaci\u00f3n del intendente de Goya y presidente de la UCR local, Mariano Hormaechea, quien form\u00f3 parte de este homenaje destinado a destacar el rol de la mujer dentro del radicalismo y su permanente participaci\u00f3n en la construcci\u00f3n de un futuro con m\u00e1s oportunidades.<\/p>\n<p style=\"font-weight: 400;\">En este marco, el doctor\u00a0 Hormaechea tuvo el honor de entregar un reconocimiento a Sandra Ponce, destacando su trayectoria, compromiso y dedicaci\u00f3n en la militancia pol\u00edtica, as\u00ed como su aporte al radicalismo y a la comunidad goyana.<a href=\"https:\/\/revistaesperanzas.com\/web\/2026\/03\/mariano-hormaechea-participo-del-reconocimiento-a-mujeres-militantes-de-la-ucr\/reconocimiento-radical-a-mujeres-1\/\" rel=\"attachment wp-att-146889\"><img loading=\"lazy\" decoding=\"async\" class=\"alignnone  wp-image-146889\" src=\"https:\/\/revistaesperanzas.com\/web\/wp-content\/uploads\/2026\/03\/RECONOCIMIENTO-RADICAL-A-MUJERES-1.jpeg\" alt=\"\" width=\"695\" height=\"463\" \/><\/a><\/p>\n<p style=\"font-weight: 400;\">El encuentro tambi\u00e9n cont\u00f3 con la presencia del ex gobernador de Corrientes y presidente de la UCR provincial, Gustavo Vald\u00e9s, quien acompa\u00f1\u00f3 esta iniciativa que busca visibilizar y valorar el trabajo silencioso pero fundamental de muchas mujeres que, desde la militancia, impulsan proyectos, acompa\u00f1an a sus comunidades y fortalecen la participaci\u00f3n pol\u00edtica.<\/p>\n<p style=\"font-weight: 400;\">Durante la jornada se puso de relieve el rol activo de las mujeres dentro de la estructura partidaria, reconociendo su capacidad de liderazgo, su compromiso social y su permanente vocaci\u00f3n de servicio.<\/p>\n<p style=\"font-weight: 400;\">De esta manera, el radicalismo correntino reafirma el valor de la militancia y el<a href=\"https:\/\/revistaesperanzas.com\/web\/2026\/03\/mariano-hormaechea-participo-del-reconocimiento-a-mujeres-militantes-de-la-ucr\/reconocimiento-radical-a-mujeres-4\/\" rel=\"attachment wp-att-146890\"><img loading=\"lazy\" decoding=\"async\" class=\"alignnone  wp-image-146890\" src=\"https:\/\/revistaesperanzas.com\/web\/wp-content\/uploads\/2026\/03\/RECONOCIMIENTO-RADICAL-A-MUJERES-4.jpeg\" alt=\"\" width=\"675\" height=\"450\" \/><\/a> protagonismo de las mujeres que, con convicci\u00f3n y dedicaci\u00f3n, siguen construyendo un futuro mejor para la provincia y sus comunidades. El mensaje final del encuentro fue claro: el compromiso y la militancia contin\u00faan siendo pilares fundamentales para seguir proyectando el futuro.<\/p>\n<p style=\"font-weight: 400;\">\u00a1El compromiso y la militancia siguen construyendo futuro!<\/p>\n<p style=\"font-weight: 400;\">#UCR<\/p>\n","protected":false},"excerpt":{"rendered":"<p>En un emotivo acto realizado en el Comit\u00e9 Central de la capital correntina, se llev\u00f3 adelante un reconocimiento a mujeres militantes de la Uni\u00f3n C\u00edvica Radical que, con compromiso, trabajo y vocaci\u00f3n de servicio, contin\u00faan aportando al crecimiento de sus comunidades y al fortalecimiento de la vida democr\u00e1tica. La actividad cont\u00f3 con la participaci\u00f3n del [&hellip;]<\/p>\n","protected":false},"author":4,"featured_media":146886,"comment_status":"closed","ping_status":"closed","sticky":false,"template":"","format":"standard","meta":{"footnotes":""},"categories":[45],"tags":[],"class_list":{"0":"post-146885","1":"post","2":"type-post","3":"status-publish","4":"format-standard","5":"has-post-thumbnail","7":"category-locales"},"_links":{"self":[{"href":"https:\/\/revistaesperanzas.com\/web\/wp-json\/wp\/v2\/posts\/146885","targetHints":{"allow":["GET"]}}],"collection":[{"href":"https:\/\/revistaesperanzas.com\/web\/wp-json\/wp\/v2\/posts"}],"about":[{"href":"https:\/\/revistaesperanzas.com\/web\/wp-json\/wp\/v2\/types\/post"}],"author":[{"embeddable":true,"href":"https:\/\/revistaesperanzas.com\/web\/wp-json\/wp\/v2\/users\/4"}],"replies":[{"embeddable":true,"href":"https:\/\/revistaesperanzas.com\/web\/wp-json\/wp\/v2\/comments?post=146885"}],"version-history":[{"count":2,"href":"https:\/\/revistaesperanzas.com\/web\/wp-json\/wp\/v2\/posts\/146885\/revisions"}],"predecessor-version":[{"id":146892,"href":"https:\/\/revistaesperanzas.com\/web\/wp-json\/wp\/v2\/posts\/146885\/revisions\/146892"}],"wp:featuredmedia":[{"embeddable":true,"href":"https:\/\/revistaesperanzas.com\/web\/wp-json\/wp\/v2\/media\/146886"}],"wp:attachment":[{"href":"https:\/\/revistaesperanzas.com\/web\/wp-json\/wp\/v2\/media?parent=146885"}],"wp:term":[{"taxonomy":"category","embeddable":true,"href":"https:\/\/revistaesperanzas.com\/web\/wp-json\/wp\/v2\/categories?post=146885"},{"taxonomy":"post_tag","embeddable":true,"href":"https:\/\/revistaesperanzas.com\/web\/wp-json\/wp\/v2\/tags?post=146885"}],"curies":[{"name":"wp","href":"https:\/\/api.w.org\/{rel}","templated":true}]}}