{"id":146893,"date":"2026-03-13T19:56:05","date_gmt":"2026-03-13T22:56:05","guid":{"rendered":"https:\/\/revistaesperanzas.com\/web\/?p=146893"},"modified":"2026-03-13T19:56:05","modified_gmt":"2026-03-13T22:56:05","slug":"convocan-a-una-asamblea-ciudadana-para-defender-la-reserva-caraguata-el-ultimo-pulmon-verde-de-resistencia","status":"publish","type":"post","link":"https:\/\/revistaesperanzas.com\/web\/2026\/03\/convocan-a-una-asamblea-ciudadana-para-defender-la-reserva-caraguata-el-ultimo-pulmon-verde-de-resistencia\/","title":{"rendered":"CONVOCAN A UNA ASAMBLEA CIUDADANA PARA DEFENDER LA RESERVA CARAGUAT\u00c1, EL \u00daLTIMO PULM\u00d3N VERDE DE RESISTENCIA"},"content":{"rendered":"<div>Vecinos y organizaciones ambientales convocan a una asamblea ciudadana abierta para defender y proteger el \u00e1rea conocida como Reserva Caraguat\u00e1, un espacio natural de gran valor ambiental para la ciudad de Resistencia.<\/p>\n<p>La convocatoria surge ante los constantes ataques y el avance de desmontes en el lugar, un \u00e1rea que desde hace m\u00e1s de diez a\u00f1os distintas organizaciones, vecinos y activistas vienen impulsando para que se convierta formalmente en una reserva natural urbana.<\/p>\n<p>La asamblea se realizar\u00e1 este s\u00e1bado 14 a las 16:30 horas, frente a la Reserva Caraguat\u00e1, y est\u00e1 abierta a toda la comunidad: vecinos de Resistencia, familias, estudiantes, organizaciones sociales y todas aquellas personas interesadas en la defensa del ambiente.<a href=\"https:\/\/revistaesperanzas.com\/web\/2026\/03\/convocan-a-una-asamblea-ciudadana-para-defender-la-reserva-caraguata-el-ultimo-pulmon-verde-de-resistencia\/reserva-ccaraguata\/\" rel=\"attachment wp-att-146895\"><img loading=\"lazy\" decoding=\"async\" class=\" wp-image-146895 alignleft\" src=\"https:\/\/revistaesperanzas.com\/web\/wp-content\/uploads\/2026\/03\/RESERVA-CCARAGUATA.jpg\" alt=\"\" width=\"550\" height=\"688\" srcset=\"https:\/\/revistaesperanzas.com\/web\/wp-content\/uploads\/2026\/03\/RESERVA-CCARAGUATA.jpg 600w, https:\/\/revistaesperanzas.com\/web\/wp-content\/uploads\/2026\/03\/RESERVA-CCARAGUATA-336x420.jpg 336w\" sizes=\"auto, (max-width: 550px) 100vw, 550px\" \/><\/a><\/p>\n<p>Desde la organizaci\u00f3n se\u00f1alaron que el objetivo es visibilizar el apoyo ciudadano para la creaci\u00f3n de la reserva y reclamar la protecci\u00f3n efectiva de este espacio que constituye uno de los \u00faltimos pulmones verdes de la ciudad.<\/p>\n<p>Adem\u00e1s, informaron que hace pocos d\u00edas presentaron un recurso de amparo para frenar el desmonte que comenz\u00f3 a realizarse en el \u00e1rea, una situaci\u00f3n que gener\u00f3 gran preocupaci\u00f3n entre quienes vienen trabajando por la preservaci\u00f3n del lugar.<\/p>\n<p>En este sentido, remarcaron que la participaci\u00f3n de la ciudadan\u00eda es clave, especialmente teniendo en cuenta que la provincia del Chaco es una de las m\u00e1s afectadas por el desmonte en la Argentina, lo que vuelve a\u00fan m\u00e1s urgente proteger los espacios naturales que quedan en las ciudades.<\/p>\n<p>Los organizadores invitan a los asistentes a llevar carteles en defensa de la reserva o, en su defecto, hojas y colores para poder elaborar carteles durante la actividad, como una forma de manifestar p\u00fablicamente el apoyo a la creaci\u00f3n de la reserva.<\/p>\n<p>\u201cSi este espacio se pierde, Resistencia perder\u00e1 tambi\u00e9n una parte fundamental de su pulm\u00f3n verde, adem\u00e1s es h\u00e1bitat del \u00faltimo monumento declarado en Chaco, que es el Mono Caray\u00e1 lo cual refuerza la importancia de cuidar este espacio\u201d, se\u00f1alaron desde la organizaci\u00f3n, e insistieron en la importancia de que la comunidad se involucre para garantizar que el \u00e1rea sea protegida y preservada para las futuras generaciones.<\/p>\n<p>La invitaci\u00f3n est\u00e1 abierta a todas las personas que quieran sumarse a defender este espacio natural y acompa\u00f1ar el reclamo para que el Caraguat\u00e1 se convierta definitivamente en una reserva natural.<\/p><\/div>\n<div>\nContacto de prensa:<br \/>\nNicolas Duarte 3794281225<br \/>\nGiuliana Pernazza: 3624857133 (J\u00f3venes por el ambiente y Correntinos contra el cambio clim\u00e1tico)<br \/>\nYanel Misi\u00f3n Eco: 3624339700<\/div>\n<div><\/div>\n<p><i>Nicol\u00e1s Duarte<\/i><i>\u00a0<\/i><\/p>\n<div class=\"x_gmail_signature\" dir=\"ltr\" data-smartmail=\"gmail_signature\">\n<div dir=\"ltr\">\n<div dir=\"ltr\">\n<div dir=\"ltr\">\n<div dir=\"ltr\">\n<div dir=\"ltr\">\n<div><i>Correntinos contra el cambio clim\u00e1tico<\/i><\/div>\n<div dir=\"ltr\">\n<div><i>3794281225<\/i><\/div>\n<div><i>@soynicoduarte<\/i><\/div>\n<\/div>\n<\/div>\n<\/div>\n<\/div>\n<\/div>\n<\/div>\n<\/div>\n","protected":false},"excerpt":{"rendered":"<p>Vecinos y organizaciones ambientales convocan a una asamblea ciudadana abierta para defender y proteger el \u00e1rea conocida como Reserva Caraguat\u00e1, un espacio natural de gran valor ambiental para la ciudad de Resistencia. La convocatoria surge ante los constantes ataques y el avance de desmontes en el lugar, un \u00e1rea que desde hace m\u00e1s de diez [&hellip;]<\/p>\n","protected":false},"author":4,"featured_media":146894,"comment_status":"closed","ping_status":"closed","sticky":false,"template":"","format":"standard","meta":{"footnotes":""},"categories":[43],"tags":[],"class_list":{"0":"post-146893","1":"post","2":"type-post","3":"status-publish","4":"format-standard","5":"has-post-thumbnail","7":"category-destacado"},"_links":{"self":[{"href":"https:\/\/revistaesperanzas.com\/web\/wp-json\/wp\/v2\/posts\/146893","targetHints":{"allow":["GET"]}}],"collection":[{"href":"https:\/\/revistaesperanzas.com\/web\/wp-json\/wp\/v2\/posts"}],"about":[{"href":"https:\/\/revistaesperanzas.com\/web\/wp-json\/wp\/v2\/types\/post"}],"author":[{"embeddable":true,"href":"https:\/\/revistaesperanzas.com\/web\/wp-json\/wp\/v2\/users\/4"}],"replies":[{"embeddable":true,"href":"https:\/\/revistaesperanzas.com\/web\/wp-json\/wp\/v2\/comments?post=146893"}],"version-history":[{"count":2,"href":"https:\/\/revistaesperanzas.com\/web\/wp-json\/wp\/v2\/posts\/146893\/revisions"}],"predecessor-version":[{"id":146897,"href":"https:\/\/revistaesperanzas.com\/web\/wp-json\/wp\/v2\/posts\/146893\/revisions\/146897"}],"wp:featuredmedia":[{"embeddable":true,"href":"https:\/\/revistaesperanzas.com\/web\/wp-json\/wp\/v2\/media\/146894"}],"wp:attachment":[{"href":"https:\/\/revistaesperanzas.com\/web\/wp-json\/wp\/v2\/media?parent=146893"}],"wp:term":[{"taxonomy":"category","embeddable":true,"href":"https:\/\/revistaesperanzas.com\/web\/wp-json\/wp\/v2\/categories?post=146893"},{"taxonomy":"post_tag","embeddable":true,"href":"https:\/\/revistaesperanzas.com\/web\/wp-json\/wp\/v2\/tags?post=146893"}],"curies":[{"name":"wp","href":"https:\/\/api.w.org\/{rel}","templated":true}]}}