{"id":146898,"date":"2026-03-13T20:00:34","date_gmt":"2026-03-13T23:00:34","guid":{"rendered":"https:\/\/revistaesperanzas.com\/web\/?p=146898"},"modified":"2026-03-13T20:00:34","modified_gmt":"2026-03-13T23:00:34","slug":"siniestro-vial-entre-una-moto-y-un-equino","status":"publish","type":"post","link":"https:\/\/revistaesperanzas.com\/web\/2026\/03\/siniestro-vial-entre-una-moto-y-un-equino\/","title":{"rendered":"SINIESTRO VIAL ENTRE UNA MOTO Y UN EQUINO"},"content":{"rendered":"<p>COLONIA PANDO\u00a0 &#8211;\u00a0 Siniestro vial con lesiones graves<\/p>\n<p>En horas de la noche de ayer 12-03-26, personal policial dependientes de la Comisaria Colonia Pando tomaron conocimiento de un siniestro vial registrado en un camino vecinal ubicado en Colonia Elisa, donde por causas que se tratan de establecer habr\u00edan colinado una motocicleta y un animal equino.<\/p>\n<p>Seg\u00fan la informaci\u00f3n inicial obtenida, el hecho se habr\u00eda registrado alrededor de las 21:30 horas, entre una motocicleta -marca Honda 125cc- guiada por un hombre mayor de edad, y un animal equino -guiado por otro mayor de edad-.<\/p>\n<p>A consecuencia del hecho, el conductor de la motocicleta fue trasladado hasta el Hospital de Saladas, donde informaron que posee lesiones de car\u00e1cter graves.<br \/>\nEn la citada comisaria se llevan a cabo las diligencias del caso.<\/p>\n","protected":false},"excerpt":{"rendered":"<p>COLONIA PANDO\u00a0 &#8211;\u00a0 Siniestro vial con lesiones graves En horas de la noche de ayer 12-03-26, personal policial dependientes de la Comisaria Colonia Pando tomaron conocimiento de un siniestro vial registrado en un camino vecinal ubicado en Colonia Elisa, donde por causas que se tratan de establecer habr\u00edan colinado una motocicleta y un animal equino. [&hellip;]<\/p>\n","protected":false},"author":4,"featured_media":146899,"comment_status":"closed","ping_status":"closed","sticky":false,"template":"","format":"standard","meta":{"footnotes":""},"categories":[58],"tags":[],"class_list":{"0":"post-146898","1":"post","2":"type-post","3":"status-publish","4":"format-standard","5":"has-post-thumbnail","7":"category-corrientes"},"_links":{"self":[{"href":"https:\/\/revistaesperanzas.com\/web\/wp-json\/wp\/v2\/posts\/146898","targetHints":{"allow":["GET"]}}],"collection":[{"href":"https:\/\/revistaesperanzas.com\/web\/wp-json\/wp\/v2\/posts"}],"about":[{"href":"https:\/\/revistaesperanzas.com\/web\/wp-json\/wp\/v2\/types\/post"}],"author":[{"embeddable":true,"href":"https:\/\/revistaesperanzas.com\/web\/wp-json\/wp\/v2\/users\/4"}],"replies":[{"embeddable":true,"href":"https:\/\/revistaesperanzas.com\/web\/wp-json\/wp\/v2\/comments?post=146898"}],"version-history":[{"count":1,"href":"https:\/\/revistaesperanzas.com\/web\/wp-json\/wp\/v2\/posts\/146898\/revisions"}],"predecessor-version":[{"id":146900,"href":"https:\/\/revistaesperanzas.com\/web\/wp-json\/wp\/v2\/posts\/146898\/revisions\/146900"}],"wp:featuredmedia":[{"embeddable":true,"href":"https:\/\/revistaesperanzas.com\/web\/wp-json\/wp\/v2\/media\/146899"}],"wp:attachment":[{"href":"https:\/\/revistaesperanzas.com\/web\/wp-json\/wp\/v2\/media?parent=146898"}],"wp:term":[{"taxonomy":"category","embeddable":true,"href":"https:\/\/revistaesperanzas.com\/web\/wp-json\/wp\/v2\/categories?post=146898"},{"taxonomy":"post_tag","embeddable":true,"href":"https:\/\/revistaesperanzas.com\/web\/wp-json\/wp\/v2\/tags?post=146898"}],"curies":[{"name":"wp","href":"https:\/\/api.w.org\/{rel}","templated":true}]}}