{"id":146901,"date":"2026-03-13T20:15:44","date_gmt":"2026-03-13T23:15:44","guid":{"rendered":"https:\/\/revistaesperanzas.com\/web\/?p=146901"},"modified":"2026-03-13T20:15:44","modified_gmt":"2026-03-13T23:15:44","slug":"comienza-la-campana-de-vacunacion-antigripal-en-el-hospital-regional","status":"publish","type":"post","link":"https:\/\/revistaesperanzas.com\/web\/2026\/03\/comienza-la-campana-de-vacunacion-antigripal-en-el-hospital-regional\/","title":{"rendered":"COMIENZA LA CAMPA\u00d1A DE VACUNACI\u00d3N ANTIGRIPAL EN EL HOSPITAL REGIONAL"},"content":{"rendered":"<p class=\"x_MsoNormal\">La vacunaci\u00f3n comenzar\u00e1 el lunes para personas mayores de 65 a\u00f1os y el mi\u00e9rcoles para aquellos que, sin estar en ese rango etario, tengan patolog\u00edas que justifiquen la vacunaci\u00f3n.<\/p>\n<p class=\"x_MsoNormal\">El director del Hospital Regional de Goya, Ra\u00fal Mart\u00ednez, anunci\u00f3 el inicio de la campa\u00f1a de vacunaci\u00f3n antigripal.<\/p>\n<p class=\"x_MsoNormal\">INICIO DE CAMPA\u00d1A DE VACUNACI\u00d3N EN GOYA<\/p>\n<p class=\"x_MsoNormal\">En declaraciones a Radio Ciudad, el Dr. Mart\u00ednez explic\u00f3 que la campa\u00f1a comenz\u00f3 con el personal de salud, &#8220;que es quien cuida a toda la poblaci\u00f3n en general&#8221;. A partir del lunes 16 de marzo se continuar\u00e1 con los mayores de 65 a\u00f1os y, posteriormente, con las personas consideradas de riesgo, como aquellas con dificultades respiratorias o enfermedades cr\u00f3nicas que podr\u00edan complicarse con la gripe\u201d.<\/p>\n<p class=\"x_MsoNormal\">PREVENCI\u00d3N<\/p>\n<p class=\"x_MsoNormal\">&#8220;La idea es prevenir&#8221;, dijo el director del Hospital Regional, y se\u00f1al\u00f3 que se ha observado un adelanto de los cuadros respiratorios, especialmente en ni\u00f1os atendidos en el Hospital \u00c1ngel de la Guarda. Advirti\u00f3 que, sin tratamiento o prevenci\u00f3n, estos cuadros pueden derivar en neumon\u00eda, siendo los adultos mayores y los ni\u00f1os los grupos m\u00e1s vulnerables.<\/p>\n<p class=\"x_MsoNormal\">&#8220;Siempre las edades extremas son las que m\u00e1s se complican: adultos mayores y ni\u00f1os. La idea es tratar, desde el principio, que con esta campa\u00f1a de vacunaci\u00f3n antigripal evitemos cuadros graves y complicaciones&#8221;, detall\u00f3 el m\u00e9dico.<\/p>\n<p class=\"x_MsoNormal\">PROTOCOLOS SANITARIOS<\/p>\n<p class=\"x_MsoNormal\">Ra\u00fal Mart\u00ednez record\u00f3 la importancia de mantener las precauciones aprendidas durante la pandemia de COVID-19, como el uso de barbijos y evitar enviar a los ni\u00f1os enfermos a la escuela, para reducir la propagaci\u00f3n de enfermedades respiratorias. Adem\u00e1s, alert\u00f3 sobre la circulaci\u00f3n de una nueva cepa de gripe y la necesidad de no subestimar los riesgos, recordando la experiencia de la pandemia de COVID-19.<\/p>\n<p class=\"x_MsoNormal\">\u201cHoy, la gente no le tiene miedo a una gripe o resfr\u00edo, lo toman como algo natural, de todos los a\u00f1os. Sin embargo, muchas veces, si tenemos un adulto mayor en casa, la gripe puede complicar mucho el cuadro. El uso del barbijo sigue vigente. Los chicos, si tienen alg\u00fan cuadro, no deben ir a la escuela. Hay muchas cosas que podemos prevenir\u201d.<\/p>\n<p class=\"x_MsoNormal\">NUEVA CEPA DE GRIPE<\/p>\n<p class=\"x_MsoNormal\">Coment\u00f3 que \u201cest\u00e1 circulando una cepa rara de gripe y no sabemos si puede llegar a ser un problema o no. Nos pas\u00f3 con el COVID, y termin\u00f3 siendo una pandemia. Es importante siempre tomar precauciones, tener en cuenta que en nuestras casas y en nuestro entorno debemos cuidarnos, y que la vacunaci\u00f3n antigripal ayuda en esto\u201d, alert\u00f3.<\/p>\n<p class=\"x_MsoNormal\">VACUNACI\u00d3N EN EL HOSPITAL<\/p>\n<p class=\"x_MsoNormal\">El director del Hospital Regional reconoci\u00f3 que las dosis de vacunas no siempre son suficientes al inicio de la campa\u00f1a y pidi\u00f3 paciencia a la poblaci\u00f3n, ya que la distribuci\u00f3n se realiza de acuerdo al consumo en cada localidad. &#8220;La vacunaci\u00f3n antigripal la haremos en el hospital, en principio, como siempre ocurre cuando empieza la campa\u00f1a. Las dosis no siempre son las cantidades que uno quisiera, y, m\u00e1s all\u00e1 de nuestra l\u00f3gica de retirar vacunas, las cantidades no son infinitas. Puede ocurrir que vayan al hospital y no haya suficiente dosis d\u00eda a d\u00eda. La campa\u00f1a comenz\u00f3 en Corrientes, Ituzaing\u00f3. Capital, que representa el 40% de la poblaci\u00f3n de la provincia, es un territorio grande y extenso, donde se utiliza una gran cantidad de vacunas. Cuando nos toca al interior env\u00edan las dosis seg\u00fan las vamos usando, por eso hay que tener paciencia y hacer una buena planificaci\u00f3n&#8221;, explic\u00f3.<\/p>\n<p class=\"x_MsoNormal\">La vacunaci\u00f3n comenzar\u00e1 el lunes 16 para personas mayores de 65 a\u00f1os y el mi\u00e9rcoles 18 para aquellos que, sin estar en ese rango etario, tengan patolog\u00edas que justifiquen la vacunaci\u00f3n. &#8220;Pacientes con enfermedades pulmonares cr\u00f3nicas, EPOC u otras complicaciones de salud, tambi\u00e9n podr\u00e1n vacunarse para prevenir y mejorar su situaci\u00f3n&#8221;, record\u00f3 finalmente el director del Hospital Regional Goya Dr. Ra\u00fal Mart\u00ednez.<\/p>\n","protected":false},"excerpt":{"rendered":"<p>La vacunaci\u00f3n comenzar\u00e1 el lunes para personas mayores de 65 a\u00f1os y el mi\u00e9rcoles para aquellos que, sin estar en ese rango etario, tengan patolog\u00edas que justifiquen la vacunaci\u00f3n. El director del Hospital Regional de Goya, Ra\u00fal Mart\u00ednez, anunci\u00f3 el inicio de la campa\u00f1a de vacunaci\u00f3n antigripal. INICIO DE CAMPA\u00d1A DE VACUNACI\u00d3N EN GOYA En [&hellip;]<\/p>\n","protected":false},"author":4,"featured_media":146902,"comment_status":"closed","ping_status":"closed","sticky":false,"template":"","format":"standard","meta":{"footnotes":""},"categories":[45],"tags":[],"class_list":{"0":"post-146901","1":"post","2":"type-post","3":"status-publish","4":"format-standard","5":"has-post-thumbnail","7":"category-locales"},"_links":{"self":[{"href":"https:\/\/revistaesperanzas.com\/web\/wp-json\/wp\/v2\/posts\/146901","targetHints":{"allow":["GET"]}}],"collection":[{"href":"https:\/\/revistaesperanzas.com\/web\/wp-json\/wp\/v2\/posts"}],"about":[{"href":"https:\/\/revistaesperanzas.com\/web\/wp-json\/wp\/v2\/types\/post"}],"author":[{"embeddable":true,"href":"https:\/\/revistaesperanzas.com\/web\/wp-json\/wp\/v2\/users\/4"}],"replies":[{"embeddable":true,"href":"https:\/\/revistaesperanzas.com\/web\/wp-json\/wp\/v2\/comments?post=146901"}],"version-history":[{"count":1,"href":"https:\/\/revistaesperanzas.com\/web\/wp-json\/wp\/v2\/posts\/146901\/revisions"}],"predecessor-version":[{"id":146903,"href":"https:\/\/revistaesperanzas.com\/web\/wp-json\/wp\/v2\/posts\/146901\/revisions\/146903"}],"wp:featuredmedia":[{"embeddable":true,"href":"https:\/\/revistaesperanzas.com\/web\/wp-json\/wp\/v2\/media\/146902"}],"wp:attachment":[{"href":"https:\/\/revistaesperanzas.com\/web\/wp-json\/wp\/v2\/media?parent=146901"}],"wp:term":[{"taxonomy":"category","embeddable":true,"href":"https:\/\/revistaesperanzas.com\/web\/wp-json\/wp\/v2\/categories?post=146901"},{"taxonomy":"post_tag","embeddable":true,"href":"https:\/\/revistaesperanzas.com\/web\/wp-json\/wp\/v2\/tags?post=146901"}],"curies":[{"name":"wp","href":"https:\/\/api.w.org\/{rel}","templated":true}]}}